{"id":16897,"date":"2016-07-07T09:17:09","date_gmt":"2016-07-07T07:17:09","guid":{"rendered":"http:\/\/archivio.comune.potenza.it\/?p=16897"},"modified":"2016-07-07T09:17:09","modified_gmt":"2016-07-07T07:17:09","slug":"baratto-amministrativo-comunicato-di-meccariello","status":"publish","type":"post","link":"https:\/\/archivio.comune.potenza.it\/?p=16897","title":{"rendered":"Baratto amministrativo. Comunicato di Meccariello"},"content":{"rendered":"<p>7 luglio 2016 \u2013 ore 9.15 \u00a0 \u00a0 \u00a0 \u201cNel comune di Potenza da tempo si \u00e8 discusso di attuare il baratto amministrativo. Una proposta che specie in questo periodo di crisi e di difficolt\u00e0 per le famiglie pu\u00f2 aiutare ad una riduzione o una esenzione dai tributi comunali per quei cittadini che propongano progetti di interventi di pubblica utilit\u00e0 . Penso sia giunto il momento di dar seguito al baratto amministrativo, tema che ha visto interessati anche altri colleghi di diverse sensibilit\u00e0 politiche. Segnale che quando si parla di proposte per il bene collettivo ed aiutare chi versa in condizione di disagio, le differenze di posizioni politiche riescono a trovare unit\u00e0 \u201d. Lo dichiara Gianluca Meccariello capogruppo di Insieme si Cambia al Comune di Potenza.<br \/>\n\u201cL\u2019art. 24 della legge 164 del 2014 il cosiddetto Sblocca Italia prevede la possibilit\u00e0 per i comuni di effettuare il baratto amministrativo e lo stesso recita: &#8211; I comuni possono definire con apposita delibera i criteri e le condizioni per la realizzazione di interventi su progetti presentati da cittadini singoli o associati, purch\u00e9 individuati in relazione al territorio da riqualificare. Gli interventi possono riguardare la pulizia, la manutenzione, l&#8217;abbellimento di aree verdi, piazze, strade ovvero interventi di decoro urbano, di recupero e riuso, con finalit\u00e0 di interesse generale, di aree e beni immobili inutilizzati, e in genere la valorizzazione di una limitata zona del territorio urbano o extraurbano. In relazione alla tipologia dei predetti interventi, i comuni possono deliberare riduzioni o esenzioni di tributi inerenti al tipo di attivit\u00e0 posta in essere. L&#8217;esenzione \u00e8 concessa per un periodo limitato e definito, per specifici tributi e per attivit\u00e0 individuate dai comuni, in ragione dell&#8217;esercizio sussidiario dell&#8217;attivit\u00e0 posta in essere -. Anche in grandi citt\u00e0 del nord Italia, come Milano \u00e8 stata approvata una norma in tal senso\u201d.<br \/>\n\u201cPersonalmente reputo il baratto amministrativo un metodo che fa sintesi dell\u2019obbligo del pagamento dei tributi con le disponibilit\u00e0 del nucleo familiare e si delinea come un ulteriore strumento di politica sociale a favore dei nuclei disagiati. Il mio impegno sar\u00e0 di portare a compimento l\u2019iter della proposta ora in commissione e di farla approvare in Consiglio Comunale. Sono certo di trovare il sostegno di tanti altri consiglieri comunali.\u201d conclude Meccariello.<\/p>\n","protected":false},"excerpt":{"rendered":"<p>7 luglio 2016 \u2013 ore 9.15 \u00a0 \u00a0 \u00a0 \u201cNel comune di Potenza da tempo si \u00e8 discusso di attuare il baratto amministrativo. Una proposta &#8230; <\/p>\n","protected":false},"author":5,"featured_media":0,"comment_status":"closed","ping_status":"closed","sticky":false,"template":"single-sidebar.php","format":"standard","meta":{"footnotes":""},"categories":[384],"tags":[],"class_list":["post-16897","post","type-post","status-publish","format-standard","hentry","category-c243-comunicati-stampa-dei-consiglieri-243"],"_links":{"self":[{"href":"https:\/\/archivio.comune.potenza.it\/index.php?rest_route=\/wp\/v2\/posts\/16897"}],"collection":[{"href":"https:\/\/archivio.comune.potenza.it\/index.php?rest_route=\/wp\/v2\/posts"}],"about":[{"href":"https:\/\/archivio.comune.potenza.it\/index.php?rest_route=\/wp\/v2\/types\/post"}],"author":[{"embeddable":true,"href":"https:\/\/archivio.comune.potenza.it\/index.php?rest_route=\/wp\/v2\/users\/5"}],"replies":[{"embeddable":true,"href":"https:\/\/archivio.comune.potenza.it\/index.php?rest_route=%2Fwp%2Fv2%2Fcomments&post=16897"}],"version-history":[{"count":0,"href":"https:\/\/archivio.comune.potenza.it\/index.php?rest_route=\/wp\/v2\/posts\/16897\/revisions"}],"wp:attachment":[{"href":"https:\/\/archivio.comune.potenza.it\/index.php?rest_route=%2Fwp%2Fv2%2Fmedia&parent=16897"}],"wp:term":[{"taxonomy":"category","embeddable":true,"href":"https:\/\/archivio.comune.potenza.it\/index.php?rest_route=%2Fwp%2Fv2%2Fcategories&post=16897"},{"taxonomy":"post_tag","embeddable":true,"href":"https:\/\/archivio.comune.potenza.it\/index.php?rest_route=%2Fwp%2Fv2%2Ftags&post=16897"}],"curies":[{"name":"wp","href":"https:\/\/api.w.org\/{rel}","templated":true}]}}