{"id":17090,"date":"2016-07-18T18:22:57","date_gmt":"2016-07-18T16:22:57","guid":{"rendered":"http:\/\/archivio.comune.potenza.it\/?p=17090"},"modified":"2016-07-18T18:22:57","modified_gmt":"2016-07-18T16:22:57","slug":"apertura-sottopasso-via-angilla-vecchia-nota-di-vigilante","status":"publish","type":"post","link":"https:\/\/archivio.comune.potenza.it\/?p=17090","title":{"rendered":"Apertura sottopasso via Angilla Vecchia, nota di Vigilante"},"content":{"rendered":"<p>18.7.16-ore 18,20: \u201cIl Sindaco De Luca \u00e8 diventato, come previsto, un generale senza esercito. Pur di conservare la poltrona, dimentic\u00f2 in un attimo i vecchi toni battaglieri, abbandon\u00f2 i suoi alleati, gli unici che avrebbero garantito discontinuit\u00e0 col vecchio sistema di potere, e si un\u00ec anima e cuore alla scalcinata armata del centrosinistra, quella che distribuisce poltrone e denaro a chiunque, ma si guarda bene dall&#8217;evitare che l&#8217;ISTAT debba certificare ogni anno un aumento inarrestabile del sottosviluppo e della povert\u00e0 per tutti i Lucani, Potentini compresi. Oggi, evidentemente, \u2013 prosegue in una sua nota il capogruppo di Lista civica Antonio Vigilante \u2013 si \u00e8 reso conto che la sua modesta truppa politica, pari a due assessori senza partito, tra imbarazzanti fallimenti e umilianti colpi di scena non \u00e8 sufficiente a garantirgli la poltrona alla quale si \u00e8 letteralmente avvitato. E per questo, cosa sta facendo? Niente meno che un tour elettorale a spese della comunit\u00e0, un anticipo di campagna elettorale per cercare disperatamente di scongiurare lo scenario pi\u00f9 brutto e pi\u00f9 temuto: che il PD si trovi un altro rappresentante su Potenza. Scenario sempre pi\u00f9 concreto. Dopo il tour nelle campagne per spiegare la differenziata, e numerosi nastri tagliati presso ogni genere di cantiere, oggi il Sindaco ha inaugurato addirittura un sottopasso delle Ferrovie Appulo Lucane (FAL), cantiere progettato, appaltato e realizzato da FAL, in cui il Comune non c&#8217;entra niente, non avendo messo il becco di un quattrino n\u00e9 un minuto di lavoro dei suoi uffici. Preso dalla foga di non finire nel &#8220;cono d&#8217;ombra&#8221; delle lotte per le poltrone del PD, il sindaco De Luca, che continua a lasciare irrisolti i grandi nodi della politica cittadina, sembra attratto oramai solo dai defil\u00e8 e dagli incontri elettorali. Peccato che quest&#8217;ultima inaugurazione, per\u00f2, sia davvero una ridicola gaffe del primo cittadino: il sottopasso FAL a S. Maria, infatti, oltre a essere un lavoro completamente appaltato e pagato non dal Comune ma da un ente diverso, FAL appunto, \u00e8 stato anche, e soprattutto, una iattura che ha costretto numerosi cittadini a subire gravissimi disagi, e alcuni commercianti, messi letteralmente in ginocchio dall&#8217;interruzione infinita di via Angilla Vecchia, a rivolgersi all&#8217;autorit\u00e0 giudiziaria o addirittura a chiudere l&#8217;attivit\u00e0. C&#8217;\u00e8 ben poco da festeggiare, dunque!<br \/>\nEvidentemente, il sindaco De Luca \u00e8 completamente scollegato dalla realt\u00e0 sociale della citt\u00e0, che \u00e8 fatta di crisi economica, drammi personali e marginalit\u00e0 sempre pi\u00f9 estese. Le inaugurazioni e le parate di autorit\u00e0, ci sentiamo di ricordare a lui, erano forse di moda in altri tempi, non certo oggi. La gente ha capito molto bene quanto vale De Luca come innovatore: chi occupa il potere senza fare niente per cambiarlo, specie di questi tempi, \u00e8 destinato a finire nel dimenticatoio della storia\u201d conclude Vigilante.<\/p>\n","protected":false},"excerpt":{"rendered":"<p>18.7.16-ore 18,20: \u201cIl Sindaco De Luca \u00e8 diventato, come previsto, un generale senza esercito. Pur di conservare la poltrona, dimentic\u00f2 in un attimo i vecchi &#8230; <\/p>\n","protected":false},"author":3,"featured_media":0,"comment_status":"closed","ping_status":"closed","sticky":false,"template":"single-sidebar.php","format":"standard","meta":{"footnotes":""},"categories":[384],"tags":[],"class_list":["post-17090","post","type-post","status-publish","format-standard","hentry","category-c243-comunicati-stampa-dei-consiglieri-243"],"_links":{"self":[{"href":"https:\/\/archivio.comune.potenza.it\/index.php?rest_route=\/wp\/v2\/posts\/17090"}],"collection":[{"href":"https:\/\/archivio.comune.potenza.it\/index.php?rest_route=\/wp\/v2\/posts"}],"about":[{"href":"https:\/\/archivio.comune.potenza.it\/index.php?rest_route=\/wp\/v2\/types\/post"}],"author":[{"embeddable":true,"href":"https:\/\/archivio.comune.potenza.it\/index.php?rest_route=\/wp\/v2\/users\/3"}],"replies":[{"embeddable":true,"href":"https:\/\/archivio.comune.potenza.it\/index.php?rest_route=%2Fwp%2Fv2%2Fcomments&post=17090"}],"version-history":[{"count":0,"href":"https:\/\/archivio.comune.potenza.it\/index.php?rest_route=\/wp\/v2\/posts\/17090\/revisions"}],"wp:attachment":[{"href":"https:\/\/archivio.comune.potenza.it\/index.php?rest_route=%2Fwp%2Fv2%2Fmedia&parent=17090"}],"wp:term":[{"taxonomy":"category","embeddable":true,"href":"https:\/\/archivio.comune.potenza.it\/index.php?rest_route=%2Fwp%2Fv2%2Fcategories&post=17090"},{"taxonomy":"post_tag","embeddable":true,"href":"https:\/\/archivio.comune.potenza.it\/index.php?rest_route=%2Fwp%2Fv2%2Ftags&post=17090"}],"curies":[{"name":"wp","href":"https:\/\/api.w.org\/{rel}","templated":true}]}}