{"id":17106,"date":"2016-07-20T18:43:35","date_gmt":"2016-07-20T16:43:35","guid":{"rendered":"http:\/\/archivio.comune.potenza.it\/?p=17106"},"modified":"2016-07-20T18:43:35","modified_gmt":"2016-07-20T16:43:35","slug":"confronto-sul-progetto-di-citta-per-i-prossimi-10-anni-la-richiesta-di-carretta","status":"publish","type":"post","link":"https:\/\/archivio.comune.potenza.it\/?p=17106","title":{"rendered":"Confronto sul progetto di citt\u00e0 per i prossimi 10 anni, la richiesta di Carretta"},"content":{"rendered":"<p>20.7.16-ore 18,30: \u201cIn merito alla inaugurazione del sottopasso di via Angilla Vecchia, si \u00e8 assistito nei giorni scorsi ad uno specioso dibattito sulla primogenitura dell\u2019opera pubblica. E\u2019 chiaro ed evidente \u2013 prosegue il consigliere comunale del Pd Gianpaolo Carretta \u2013 che la stessa \u00e8 stata progettata e finanziata dalle Amministrazioni di centro-sinistra guidate dal Pd e dal sindaco Santarsiero, e completata dall\u2019Amministrazione attualmente in carica, in base al principio della continuit\u00e0 amministrativa, che tanti spesso fanno finta di ignorare. La vera questione, per\u00f2, \u00e8 un\u2019altra, e cio\u00e8 che a oggi servirebbe aprire un grande confronto nel Consiglio comunale e nella Citt\u00e0, coinvolgendo le forze vive e propulsive, le Associazioni di categoria, gli Ordini professionali, i circoli culturali intorno al progetto di citt\u00e0, ridisegnandone il ruolo, anche nella sua dinamica regionale, guardando al prossimo decennio. Tutto ci\u00f2 sta pericolosamente mancando, perch\u00e9 il confronto politico \u00e8 ridotto a una sterile discussione organigrammatica, priva di idee, di idealit\u00e0 e di contenuti. Siamo preoccupati perch\u00e9, in assenza di una progettualit\u00e0 vera e condivisa, la prossima Amministrazione comunale non avr\u00e0 neppure la possibilit\u00e0 di dedicarsi a \u2018inaugurare\u2019 alcunch\u00e9. La politica, nella sua interezza, il centro-sinistra e il Partito Democratico, che \u00e8 forza di maggioranza relativa, devono mettere in campo un\u2019azione coraggiosa di confronto, basata sulle idee e sulla risoluzione dei problemi prioritari, che sono quello dei rifiuti, del trasporto pubblico, della viabilit\u00e0 e della mobilit\u00e0, del decoro e della sicurezza urbana, proiettando Potenza verso la ridefinizione del suo ruolo di capoluogo di Regione; le nuove generazioni politiche se ne devono assumere oneri e onori\u201d conclude Carretta.<\/p>\n","protected":false},"excerpt":{"rendered":"<p>20.7.16-ore 18,30: \u201cIn merito alla inaugurazione del sottopasso di via Angilla Vecchia, si \u00e8 assistito nei giorni scorsi ad uno specioso dibattito sulla primogenitura dell\u2019opera &#8230; <\/p>\n","protected":false},"author":3,"featured_media":0,"comment_status":"closed","ping_status":"closed","sticky":false,"template":"single-sidebar.php","format":"standard","meta":{"footnotes":""},"categories":[384],"tags":[],"class_list":["post-17106","post","type-post","status-publish","format-standard","hentry","category-c243-comunicati-stampa-dei-consiglieri-243"],"_links":{"self":[{"href":"https:\/\/archivio.comune.potenza.it\/index.php?rest_route=\/wp\/v2\/posts\/17106"}],"collection":[{"href":"https:\/\/archivio.comune.potenza.it\/index.php?rest_route=\/wp\/v2\/posts"}],"about":[{"href":"https:\/\/archivio.comune.potenza.it\/index.php?rest_route=\/wp\/v2\/types\/post"}],"author":[{"embeddable":true,"href":"https:\/\/archivio.comune.potenza.it\/index.php?rest_route=\/wp\/v2\/users\/3"}],"replies":[{"embeddable":true,"href":"https:\/\/archivio.comune.potenza.it\/index.php?rest_route=%2Fwp%2Fv2%2Fcomments&post=17106"}],"version-history":[{"count":0,"href":"https:\/\/archivio.comune.potenza.it\/index.php?rest_route=\/wp\/v2\/posts\/17106\/revisions"}],"wp:attachment":[{"href":"https:\/\/archivio.comune.potenza.it\/index.php?rest_route=%2Fwp%2Fv2%2Fmedia&parent=17106"}],"wp:term":[{"taxonomy":"category","embeddable":true,"href":"https:\/\/archivio.comune.potenza.it\/index.php?rest_route=%2Fwp%2Fv2%2Fcategories&post=17106"},{"taxonomy":"post_tag","embeddable":true,"href":"https:\/\/archivio.comune.potenza.it\/index.php?rest_route=%2Fwp%2Fv2%2Ftags&post=17106"}],"curies":[{"name":"wp","href":"https:\/\/api.w.org\/{rel}","templated":true}]}}