{"id":17169,"date":"2016-07-22T09:41:03","date_gmt":"2016-07-22T07:41:03","guid":{"rendered":"http:\/\/archivio.comune.potenza.it\/?p=17169"},"modified":"2016-07-22T09:41:03","modified_gmt":"2016-07-22T07:41:03","slug":"aree-di-sosta-interviene-lofrano","status":"publish","type":"post","link":"https:\/\/archivio.comune.potenza.it\/?p=17169","title":{"rendered":"Aree di sosta interviene Lofrano"},"content":{"rendered":"<p>22.7.16-ore 9,40: \u201cLa nostra citt\u00e0 \u2013 dichiara il consigliere comunale di \u2018Potenza condivisa\u2019 Vincenzo Lofrano \u2013 detiene il poco invidiabile primato di essere tra le prime dieci citt\u00e0 in Europa per rapporto macchine abitanti, circa 70 auto ogni 100 abitanti. Le ricadute negative sul traffico cittadino sono ovvie, ma siamo fiduciosi in un graduale cambiamento in positivo e a questo si sta lavorando. La realizzazione di opere gi\u00e0 avviate da tempo \u2013 continua Lofrano \u2013 vedi nuova viabilit\u00e0 del Gallitello e il sottopasso di via Angilla Vecchia vanno in questa direzione, cos\u00ec come la rivisitazione del trasporto pubblico locale e la regolamentazione per l&#8217;utilizzo e la disciplina delle aree di sosta a pagamento. L&#8217;approvazione di quest&#8217;ultimo Regolamento, avvenuto quasi all&#8217;unanimit\u00e0, testimonia la necessit\u00e0 sentita da tutte le forze politiche di normare la sosta delle auto in citt\u00e0 per evitare parcheggio selvaggio e favorire una migliore viabilit\u00e0. Alle modifiche regolamentari predisposte dall&#8217;ufficio si sono aggiunte o sostituite integrazioni proposte all&#8217;unisono da tutti i consiglieri, pur con qualche fisiologico distinguo, nel tentativo di dare alla citt\u00e0 un regolamento valido e in grado di salvaguardare diritti, ma precisare anche doveri. Si \u00e8 cercato di aumentare la vitalit\u00e0 del centro storico e, pur in fase di ristrettezze economiche, sono state confermate agevolazioni per i diversamente abili e alcune professionalit\u00e0 la cui valenza pubblica \u00e8 fuori discussione. Il regolamento approvato con il contributo degli uffici e di tutti i consiglieri comunali, a parere di Lofrano, segretario dell&#8217;ufficio di Presidenza, \u00e8 un mirabile esempio di come si stia lavorando per cercare di risolvere problematiche che investono il nostro vivere quotidiano e condizionano la qualit\u00e0 di vita nostra e delle future generazioni. A questo sforzo sono ovviamente chiamati anche i nostri concittadini, ai quali non devono mancare senso civico e la possibilit\u00e0 di segnalare eventuali criticit\u00e0 che saranno opportunamente vagliate \u2013 conclude Lofrano.<\/p>\n","protected":false},"excerpt":{"rendered":"<p>22.7.16-ore 9,40: \u201cLa nostra citt\u00e0 \u2013 dichiara il consigliere comunale di \u2018Potenza condivisa\u2019 Vincenzo Lofrano \u2013 detiene il poco invidiabile primato di essere tra le &#8230; <\/p>\n","protected":false},"author":3,"featured_media":0,"comment_status":"closed","ping_status":"closed","sticky":false,"template":"single-sidebar.php","format":"standard","meta":{"footnotes":""},"categories":[384],"tags":[],"class_list":["post-17169","post","type-post","status-publish","format-standard","hentry","category-c243-comunicati-stampa-dei-consiglieri-243"],"_links":{"self":[{"href":"https:\/\/archivio.comune.potenza.it\/index.php?rest_route=\/wp\/v2\/posts\/17169"}],"collection":[{"href":"https:\/\/archivio.comune.potenza.it\/index.php?rest_route=\/wp\/v2\/posts"}],"about":[{"href":"https:\/\/archivio.comune.potenza.it\/index.php?rest_route=\/wp\/v2\/types\/post"}],"author":[{"embeddable":true,"href":"https:\/\/archivio.comune.potenza.it\/index.php?rest_route=\/wp\/v2\/users\/3"}],"replies":[{"embeddable":true,"href":"https:\/\/archivio.comune.potenza.it\/index.php?rest_route=%2Fwp%2Fv2%2Fcomments&post=17169"}],"version-history":[{"count":0,"href":"https:\/\/archivio.comune.potenza.it\/index.php?rest_route=\/wp\/v2\/posts\/17169\/revisions"}],"wp:attachment":[{"href":"https:\/\/archivio.comune.potenza.it\/index.php?rest_route=%2Fwp%2Fv2%2Fmedia&parent=17169"}],"wp:term":[{"taxonomy":"category","embeddable":true,"href":"https:\/\/archivio.comune.potenza.it\/index.php?rest_route=%2Fwp%2Fv2%2Fcategories&post=17169"},{"taxonomy":"post_tag","embeddable":true,"href":"https:\/\/archivio.comune.potenza.it\/index.php?rest_route=%2Fwp%2Fv2%2Ftags&post=17169"}],"curies":[{"name":"wp","href":"https:\/\/api.w.org\/{rel}","templated":true}]}}