{"id":17177,"date":"2016-07-22T16:38:53","date_gmt":"2016-07-22T14:38:53","guid":{"rendered":"http:\/\/archivio.comune.potenza.it\/?p=17177"},"modified":"2016-07-22T16:38:53","modified_gmt":"2016-07-22T14:38:53","slug":"nuova-composizione-della-giunta-interviene-vigilante","status":"publish","type":"post","link":"https:\/\/archivio.comune.potenza.it\/?p=17177","title":{"rendered":"Nuova composizione della Giunta, interviene Vigilante"},"content":{"rendered":"<p>22.7.16-ore 16,25: \u201cDopo la festa di Capodanno della Rai, scopriamo con grande meraviglia che \u00e8 stato spostato a Potenza anche il famoso &#8220;Distretto del Salotto&#8221;, il poltronificio che una volta era il fiore all&#8217;occhiello dell&#8217;economia materana. Questa inutile consiliatura, nata per dare ai Potentini i grandi cambiamenti attesi da decenni, &#8211; cos\u00ec si esprime il capogruppo di Lista civica, Antonio Vigilante \u2013 si rivela per l&#8217;ennesima volta una messinscena per gestire l&#8217;ordinaria amministrazione del sistema Pd. Il sindaco Dario De Luca, lungi dal circondarsi di assessori competenti e scelti in base alle esigenze amministrative, continua a utilizzare la giunta della citt\u00e0 al solo fine di puntellare la sua carica, ed \u00e8 ridotto pi\u00f9 a una marionetta nelle mani di Pittella &#8211; che si fa segnalare da Polese e De Filippo i \u2018nomi graditi\u2019 per l&#8217;ennesimo rimpasto &#8211; che a un primo cittadino indipendente dalla politica, quale pure si era presentato. Le recenti integrazioni della Giunta servono esclusivamente a compensare i litigi interni di un Pd oramai dilaniato a livello regionale e nazionale. Pertanto, il sindaco De Luca \u00e8 il principale responsabile del ritorno sulla scena cittadina di tutte le lobby politiche ed economiche che egli stesso, mentendo vergognosamente ai suoi elettori, aveva giurato di voler scardinare definitivamente. L&#8217;unica ragione per cui il Pd sostiene De Luca \u00e8 perch\u00e9 quest&#8217;ultimo garantisce la placida prosecuzione degli equilibri del potere regionale, equilibri fondati sul traffico di influenze politiche, sull&#8217;accaparramento di fondi pubblici e sul compromesso politico a spese dei cittadini. Di conseguenza, l&#8217;unica ragione per cui De Luca continua ostinatamente a occupare la poltrona di primo cittadino non pu\u00f2 che essere la sua carriera personale, soprattutto se consideriamo gli scarsi risultati ottenuti finora in tutti i settori dell&#8217;Amministrazione, l&#8217;incapacit\u00e0 di rimuovere efficacemente i grumi di potere economico precedenti e i gravissimi errori finora commessi nella gestione dei rifiuti, dei trasporti, del verde pubblico, dello sport e su problematiche fondamentali come Bucaletto, l&#8217;isolamento delle contrade o la desertificazione del centro storico. La cricca di potere che si sta spartendo da mesi il potere a Potenza (senza peraltro mai trovare un equilibrio definitivo) deve capire che la gente, nel 2016, non si fa pi\u00f9 prendere in giro come una volta. Non basta occupare una poltrona per installarsi al potere 20 anni, come ai bei tempi della Democrazia Cristiana! Oggi la gente vuole risposte e soluzioni, quelle che questa inutile consiliatura, evidentemente, non potr\u00e0 dare. Avvertiamo il Sindaco, abituato a stappare troppe bottiglie di spumante con troppi alleati in soli due anni, che il conto alla rovescia sta inesorabilmente correndo. E che nel frattempo la citt\u00e0 \u00e8 inviperita, ogni giorno pi\u00f9 di quello precedente. La sua apparizione sulla scena verr\u00e0 ricordata come una presa in giro e un&#8217;occasione mancata, niente altro\u201d conclude Vigilante.<\/p>\n","protected":false},"excerpt":{"rendered":"<p>22.7.16-ore 16,25: \u201cDopo la festa di Capodanno della Rai, scopriamo con grande meraviglia che \u00e8 stato spostato a Potenza anche il famoso &#8220;Distretto del Salotto&#8221;, &#8230; <\/p>\n","protected":false},"author":3,"featured_media":0,"comment_status":"closed","ping_status":"closed","sticky":false,"template":"single-sidebar.php","format":"standard","meta":{"footnotes":""},"categories":[384],"tags":[],"class_list":["post-17177","post","type-post","status-publish","format-standard","hentry","category-c243-comunicati-stampa-dei-consiglieri-243"],"_links":{"self":[{"href":"https:\/\/archivio.comune.potenza.it\/index.php?rest_route=\/wp\/v2\/posts\/17177"}],"collection":[{"href":"https:\/\/archivio.comune.potenza.it\/index.php?rest_route=\/wp\/v2\/posts"}],"about":[{"href":"https:\/\/archivio.comune.potenza.it\/index.php?rest_route=\/wp\/v2\/types\/post"}],"author":[{"embeddable":true,"href":"https:\/\/archivio.comune.potenza.it\/index.php?rest_route=\/wp\/v2\/users\/3"}],"replies":[{"embeddable":true,"href":"https:\/\/archivio.comune.potenza.it\/index.php?rest_route=%2Fwp%2Fv2%2Fcomments&post=17177"}],"version-history":[{"count":0,"href":"https:\/\/archivio.comune.potenza.it\/index.php?rest_route=\/wp\/v2\/posts\/17177\/revisions"}],"wp:attachment":[{"href":"https:\/\/archivio.comune.potenza.it\/index.php?rest_route=%2Fwp%2Fv2%2Fmedia&parent=17177"}],"wp:term":[{"taxonomy":"category","embeddable":true,"href":"https:\/\/archivio.comune.potenza.it\/index.php?rest_route=%2Fwp%2Fv2%2Fcategories&post=17177"},{"taxonomy":"post_tag","embeddable":true,"href":"https:\/\/archivio.comune.potenza.it\/index.php?rest_route=%2Fwp%2Fv2%2Ftags&post=17177"}],"curies":[{"name":"wp","href":"https:\/\/api.w.org\/{rel}","templated":true}]}}