{"id":17178,"date":"2016-07-22T16:39:48","date_gmt":"2016-07-22T14:39:48","guid":{"rendered":"http:\/\/archivio.comune.potenza.it\/?p=17178"},"modified":"2016-07-22T16:39:48","modified_gmt":"2016-07-22T14:39:48","slug":"vendita-ambulante-prodotti-alimentari-interviene-giannizzari","status":"publish","type":"post","link":"https:\/\/archivio.comune.potenza.it\/?p=17178","title":{"rendered":"Vendita ambulante prodotti alimentari, interviene Giannizzari"},"content":{"rendered":"<p>22.7.16-ore 16,35: \u201cIn seguito a una nota-esposto a mia firma \u2013 evidenzia il capogruppo del Movimento 5 Stelle Savino Giannizzari \u2013 si \u00e8 tenuto stamani un incontro presso gli uffici del commercio della Polizia locale, su richiesta del capitano Romaniello, per discutere della situazione della vendita ambulante di alimentari nel circondario di Potenza. La nota era stata inviata anche all&#8217;Azienda Sanitaria Potenza, alla quale \u00e8 stato chiesto se i prodotti degli ambulanti sono controllati e se non costituiscono pericolo per la salute dei cittadini. Una preoccupazione espressa da molti Potentini anche in considerazione del mancato rispetto delle regole della sosta di molti dei venditori ambulanti che ne potrebbe delineare un profilo che non garantisce correttezza in linea generale. Dall&#8217;incontro, al quale hanno partecipato due esponenti dell&#8217;Asp, \u00e8 emerso un quadro del settore non preoccupante sotto il profilo sanitario ma da gestire sotto quello della regolamentazione della vendita. E&#8217; comunque emersa la necessit\u00e0 di una maggiore attenzione e di un nuovo regolamento che affronti e risolva le diverse criticit\u00e0. All&#8217;Asp, che si occupa di verificare la salubrit\u00e0 degli alimenti, chiederemo come Movimento 5 Stelle, attraverso il Sindaco, che i dati sulle analisi che si svolgono in citt\u00e0 siano inviate anche al Comune, oltre che alla Regione e al Ministero. Quello della vendita degli alimenti per strada \u00e8 un tema che coinvolge diversi aspetti: oltre quello, il pi\u00f9 importante, della salute, anche quello del decoro urbano e della giusta delineazione sia della concorrenza sia del rispetto delle regole, che dell&#8217;utilizzo del suolo comunale in particolare quello pubblico\u201d conclude Giannizzari.<\/p>\n","protected":false},"excerpt":{"rendered":"<p>22.7.16-ore 16,35: \u201cIn seguito a una nota-esposto a mia firma \u2013 evidenzia il capogruppo del Movimento 5 Stelle Savino Giannizzari \u2013 si \u00e8 tenuto stamani &#8230; <\/p>\n","protected":false},"author":3,"featured_media":0,"comment_status":"closed","ping_status":"closed","sticky":false,"template":"single-sidebar.php","format":"standard","meta":{"footnotes":""},"categories":[384],"tags":[],"class_list":["post-17178","post","type-post","status-publish","format-standard","hentry","category-c243-comunicati-stampa-dei-consiglieri-243"],"_links":{"self":[{"href":"https:\/\/archivio.comune.potenza.it\/index.php?rest_route=\/wp\/v2\/posts\/17178"}],"collection":[{"href":"https:\/\/archivio.comune.potenza.it\/index.php?rest_route=\/wp\/v2\/posts"}],"about":[{"href":"https:\/\/archivio.comune.potenza.it\/index.php?rest_route=\/wp\/v2\/types\/post"}],"author":[{"embeddable":true,"href":"https:\/\/archivio.comune.potenza.it\/index.php?rest_route=\/wp\/v2\/users\/3"}],"replies":[{"embeddable":true,"href":"https:\/\/archivio.comune.potenza.it\/index.php?rest_route=%2Fwp%2Fv2%2Fcomments&post=17178"}],"version-history":[{"count":0,"href":"https:\/\/archivio.comune.potenza.it\/index.php?rest_route=\/wp\/v2\/posts\/17178\/revisions"}],"wp:attachment":[{"href":"https:\/\/archivio.comune.potenza.it\/index.php?rest_route=%2Fwp%2Fv2%2Fmedia&parent=17178"}],"wp:term":[{"taxonomy":"category","embeddable":true,"href":"https:\/\/archivio.comune.potenza.it\/index.php?rest_route=%2Fwp%2Fv2%2Fcategories&post=17178"},{"taxonomy":"post_tag","embeddable":true,"href":"https:\/\/archivio.comune.potenza.it\/index.php?rest_route=%2Fwp%2Fv2%2Ftags&post=17178"}],"curies":[{"name":"wp","href":"https:\/\/api.w.org\/{rel}","templated":true}]}}