{"id":17275,"date":"2016-07-29T13:53:54","date_gmt":"2016-07-29T11:53:54","guid":{"rendered":"http:\/\/archivio.comune.potenza.it\/?p=17275"},"modified":"2016-07-29T13:54:09","modified_gmt":"2016-07-29T11:54:09","slug":"meccariello-voto-favorevole-su-assestamento-al-bilancio-2016","status":"publish","type":"post","link":"https:\/\/archivio.comune.potenza.it\/?p=17275","title":{"rendered":"Meccariello: voto favorevole su assestamento al bilancio 2016."},"content":{"rendered":"<p style=\"text-align: justify;\">Il Consigliere di Insieme si Cambia, Gianluca Meccariello informa che ha espresso voto favorevole sull\u2019Assestamento al bilancio 2016 \u00a0per il bene della citt\u00e0. Ma adesso o c&#8217;\u00e9 chiarezza politica oppure non ha pi\u00f9 senso vivere nella confusione di un quadro politico che offre un cattivo spettacolo ai cittadini. Concordo \u2013 continua Meccariello &#8211; con il consigliere Lacorazza: mettiamo a posto i conti e poi la parola ai cittadini. Si vuole offrire chiarezza? Ha pi\u00f9 valore la posizione politica assunta! Responsabilit\u00e0 \u00a0per l&#8217;interesse della citt\u00e0al risanamento dei conti. \u00a0Serieta&#8217; sulla linea politica. Basta contorsioni e giochini di correnti e gruppi.<\/p>\n","protected":false},"excerpt":{"rendered":"<p>Il Consigliere di Insieme si Cambia, Gianluca Meccariello informa che ha espresso voto favorevole sull\u2019Assestamento al bilancio 2016 \u00a0per il bene della citt\u00e0. Ma adesso &#8230; <\/p>\n","protected":false},"author":2,"featured_media":0,"comment_status":"closed","ping_status":"closed","sticky":false,"template":"single-sidebar.php","format":"standard","meta":{"footnotes":""},"categories":[384],"tags":[],"class_list":["post-17275","post","type-post","status-publish","format-standard","hentry","category-c243-comunicati-stampa-dei-consiglieri-243"],"_links":{"self":[{"href":"https:\/\/archivio.comune.potenza.it\/index.php?rest_route=\/wp\/v2\/posts\/17275"}],"collection":[{"href":"https:\/\/archivio.comune.potenza.it\/index.php?rest_route=\/wp\/v2\/posts"}],"about":[{"href":"https:\/\/archivio.comune.potenza.it\/index.php?rest_route=\/wp\/v2\/types\/post"}],"author":[{"embeddable":true,"href":"https:\/\/archivio.comune.potenza.it\/index.php?rest_route=\/wp\/v2\/users\/2"}],"replies":[{"embeddable":true,"href":"https:\/\/archivio.comune.potenza.it\/index.php?rest_route=%2Fwp%2Fv2%2Fcomments&post=17275"}],"version-history":[{"count":0,"href":"https:\/\/archivio.comune.potenza.it\/index.php?rest_route=\/wp\/v2\/posts\/17275\/revisions"}],"wp:attachment":[{"href":"https:\/\/archivio.comune.potenza.it\/index.php?rest_route=%2Fwp%2Fv2%2Fmedia&parent=17275"}],"wp:term":[{"taxonomy":"category","embeddable":true,"href":"https:\/\/archivio.comune.potenza.it\/index.php?rest_route=%2Fwp%2Fv2%2Fcategories&post=17275"},{"taxonomy":"post_tag","embeddable":true,"href":"https:\/\/archivio.comune.potenza.it\/index.php?rest_route=%2Fwp%2Fv2%2Ftags&post=17275"}],"curies":[{"name":"wp","href":"https:\/\/api.w.org\/{rel}","templated":true}]}}