{"id":17293,"date":"2016-08-01T12:05:54","date_gmt":"2016-08-01T10:05:54","guid":{"rendered":"http:\/\/archivio.comune.potenza.it\/?p=17293"},"modified":"2016-08-01T12:05:54","modified_gmt":"2016-08-01T10:05:54","slug":"giuzio-lavorare-per-una-nuova-destra","status":"publish","type":"post","link":"https:\/\/archivio.comune.potenza.it\/?p=17293","title":{"rendered":"Giuzio: lavorare per una &#8220;nuova&#8221; destra"},"content":{"rendered":"<p>Quando dicevamo: &#8220;mai con il PD&#8221; lo dicevamo perch\u00e9 eravamo convinti, e lo siamo ancora di pi\u00f9 ora, che \u00e8 necessario costruire un&#8217;alternativa credibile al &#8220;sistema&#8221;.<\/p>\n<p>Il Sindaco di Potenza, eletto nel centro destra, che in consiglio comunale professa di essere un uomo di destra e di non sentirsi di sinistra o di centro sinistra (affermazione che non mettiamo in dubbio) e poi siede, invece, in giunta con il PD, \u00e8 proprio l&#8217;esempio di quella destra che non deve pi\u00f9 avere spazio presso l&#8217;elettorato che si riconosce &#8220;alternativo&#8221;.<\/p>\n<p>Potenza, la Basilicata e l&#8217;Italia per uscire dalla &#8220;tagliola renziana&#8221; hanno bisogno di una destra credibile e con idee chiare.<\/p>\n<p>Partire dalla citt\u00e0 capoluogo (non \u00e8 la prima volta che lo evidenzio) \u00e8 doveroso, perch\u00e9 qui per anni si sono intrecciati troppi interessi che spesso hanno creato confusione tra governo e opposizione.<\/p>\n<p>Da anni lo stiamo spiegando, senza giochi di parole che siamo e resteremo alternativi al centro sinistra e, chiunque con esso vuole fare &#8220;affari&#8221; non pu\u00f2 condividere con noi questo percorso.<\/p>\n<p>\u00c8 sicuramente difficile sapere di dover lavorare senza la certezza di poter avere un posto al sole ma la coerenza e il lavoro alla lunga premiano.<\/p>\n<p>Quindi si costruisca, senza compromessi, un percorso comune per sognare una citt\u00e0, una regione un paese &#8220;alternative&#8221; a quello in cui viviamo.<\/p>\n<p>Giuseppe Giuzio,\u00a0Capogruppo \u00a0Fratelli D&#8217;Italia &#8211; AN<\/p>\n","protected":false},"excerpt":{"rendered":"<p>Quando dicevamo: &#8220;mai con il PD&#8221; lo dicevamo perch\u00e9 eravamo convinti, e lo siamo ancora di pi\u00f9 ora, che \u00e8 necessario costruire un&#8217;alternativa credibile al &#8230; <\/p>\n","protected":false},"author":2,"featured_media":0,"comment_status":"closed","ping_status":"closed","sticky":false,"template":"single-sidebar.php","format":"standard","meta":{"footnotes":""},"categories":[384],"tags":[],"class_list":["post-17293","post","type-post","status-publish","format-standard","hentry","category-c243-comunicati-stampa-dei-consiglieri-243"],"_links":{"self":[{"href":"https:\/\/archivio.comune.potenza.it\/index.php?rest_route=\/wp\/v2\/posts\/17293"}],"collection":[{"href":"https:\/\/archivio.comune.potenza.it\/index.php?rest_route=\/wp\/v2\/posts"}],"about":[{"href":"https:\/\/archivio.comune.potenza.it\/index.php?rest_route=\/wp\/v2\/types\/post"}],"author":[{"embeddable":true,"href":"https:\/\/archivio.comune.potenza.it\/index.php?rest_route=\/wp\/v2\/users\/2"}],"replies":[{"embeddable":true,"href":"https:\/\/archivio.comune.potenza.it\/index.php?rest_route=%2Fwp%2Fv2%2Fcomments&post=17293"}],"version-history":[{"count":0,"href":"https:\/\/archivio.comune.potenza.it\/index.php?rest_route=\/wp\/v2\/posts\/17293\/revisions"}],"wp:attachment":[{"href":"https:\/\/archivio.comune.potenza.it\/index.php?rest_route=%2Fwp%2Fv2%2Fmedia&parent=17293"}],"wp:term":[{"taxonomy":"category","embeddable":true,"href":"https:\/\/archivio.comune.potenza.it\/index.php?rest_route=%2Fwp%2Fv2%2Fcategories&post=17293"},{"taxonomy":"post_tag","embeddable":true,"href":"https:\/\/archivio.comune.potenza.it\/index.php?rest_route=%2Fwp%2Fv2%2Ftags&post=17293"}],"curies":[{"name":"wp","href":"https:\/\/api.w.org\/{rel}","templated":true}]}}