{"id":17342,"date":"2016-08-08T13:29:07","date_gmt":"2016-08-08T11:29:07","guid":{"rendered":"http:\/\/archivio.comune.potenza.it\/?p=17342"},"modified":"2016-08-08T13:29:07","modified_gmt":"2016-08-08T11:29:07","slug":"meccariello-potenza-citta-universitaria-a-misura-di-studente","status":"publish","type":"post","link":"https:\/\/archivio.comune.potenza.it\/?p=17342","title":{"rendered":"Meccariello: Potenza, citt\u00e0 universitaria a misura di studente"},"content":{"rendered":"<p>\u201cPotenza, citt\u00e0 universitaria a misura di studente. E\u2019 Possibile? Personalmente credo di s\u00ec e le condizioni ci sono, seppur vadano incanalate in modo che la nostra citt\u00e0 possa essere come altre esperienze simili tipo Camerino, Urbino, Cassino, Macerata o Sassari una sede universitaria dove qualit\u00e0 della vita, qualit\u00e0 dello studio e qualit\u00e0 dei servizi possano essere attrattivi non solo per i giovani lucani\u201d. Lo dichiara Gianluca Meccariello capogruppo di Insieme si Cambia.<br \/>\n\u201c L\u2019 Universit\u00e0 della Basilicata ha ottenuto importanti riconoscimenti in recenti indagini di istituti di ricerca tra cui Almalaurea che evidenziano l\u2019alta soddisfazione degli iscritti e la qualit\u00e0 dell\u2019offerta didattica tra cui eccellenze come la laurea magistrale architettura seconda in Italia e nelle triennali Agraria ed Economia aziendale prime tra gli Atenei del Sud \u2013 continua Meccariello \u2013 oltre come evidenziato in una recente conferenza stampa dalla la Rettrice dell\u2019Unibas, Aurelia Sole una politica universitaria a favore degli studenti meritevoli e di quelli provenienti da famiglie a basso reddito e per gli studenti rifugiati \u2013 con status riconosciuto \u2013 l\u2019esonero totale dal pagamento della tassa d\u2019iscrizione e dei contributi universitari\u201d.<\/p>\n<p>Secondo il consigliere comunale della Citt\u00e0 di Potenza, anche il capoluogo di Regione deve attivarsi \u2013 nel rispetto dell\u2019autonomia didattica- con delle politiche di accoglienza che rendano la citt\u00e0 sempre pi\u00f9 a misura di studente.<\/p>\n<p>\u201c Innanziutto un plauso all\u2019intero Consiglio regionale che ha approvato all\u2019unanimit\u00e0 una risoluzione sul \u201cSostegno all\u2019Universit\u00e0 degli Studi della Basilicata per la promozione di uno sviluppo regionale di qualit\u00e0\u201d, frutto dell\u2019unificazione di due documenti presentati in precedenza da Lacorazza e Polese \u2013 conclude Meccariello \u2013 un atto importantissimo in ogni punto che deve essere da stimolo anche alla Citt\u00e0 di Potenza di adoperarsi per sostenere l\u2019Unibas nel capoluogo di Regione. Importante \u00e8 la proposta di Piero Lacorazza di ad attivare sin da subito un confronto con l\u2019Unibas per costruire la migliore compatibilit\u00e0 possibile tra esigenze dell\u2019Ateneo e Piano dei Trasporti e a sostenere due conferenze, ispirandosi anche a modelli europei avanzati, per studiare modelli di ospitalit\u00e0, di accoglienza e di qualit\u00e0 della vita degli studenti nelle citt\u00e0 di Potenza e Matera. Per quanto riguarda la Citt\u00e0 di Potenza porter\u00f2 nelle commissioni competenti questi due punti. Di certo come Amministrazione dovremmo attivare anzi costruire tutte le possibilit\u00e0 di offrire agli studenti Unibas le condizioni di vivere una Citt\u00e0 Universitaria. Potenza ha enormi possibilit\u00e0: un costo della vita basso rispetto a altre citt\u00e0 del centro nord; una societ\u00e0 accogliente e senza grossi problemi sociali e di devianza.<\/p>\n<p>Un centro storico che pu\u00f2 offrire sia all\u2019Unibas che agli studenti di usufruire di immobili da destinare alla didattica ed anche alla accoglienza e ospitalit\u00e0. Lancio una ulteriore proposta: una ricognizione degli appartamenti o monolocali vuoti o da affittare per poter creare una piccola Citt\u00e0 \u2013 accoglienza per coloro che non possono usufruire della casa dello studente o che di debbano fermare a Potenza per brevi periodi .<\/p>\n<p>Un patto tra Citt\u00e0, Universit\u00e0 e studenti per una politica dei fitti pi\u00f9 equa che allo stesso tempo pu\u00f2 rivitalizzare la citt\u00e0 e creare una sinergia anche culturale con esperienze degli studenti o ospiti\u201d.<\/p>\n","protected":false},"excerpt":{"rendered":"<p>\u201cPotenza, citt\u00e0 universitaria a misura di studente. E\u2019 Possibile? Personalmente credo di s\u00ec e le condizioni ci sono, seppur vadano incanalate in modo che la &#8230; <\/p>\n","protected":false},"author":2,"featured_media":0,"comment_status":"closed","ping_status":"closed","sticky":false,"template":"single-sidebar.php","format":"standard","meta":{"footnotes":""},"categories":[384],"tags":[],"class_list":["post-17342","post","type-post","status-publish","format-standard","hentry","category-c243-comunicati-stampa-dei-consiglieri-243"],"_links":{"self":[{"href":"https:\/\/archivio.comune.potenza.it\/index.php?rest_route=\/wp\/v2\/posts\/17342"}],"collection":[{"href":"https:\/\/archivio.comune.potenza.it\/index.php?rest_route=\/wp\/v2\/posts"}],"about":[{"href":"https:\/\/archivio.comune.potenza.it\/index.php?rest_route=\/wp\/v2\/types\/post"}],"author":[{"embeddable":true,"href":"https:\/\/archivio.comune.potenza.it\/index.php?rest_route=\/wp\/v2\/users\/2"}],"replies":[{"embeddable":true,"href":"https:\/\/archivio.comune.potenza.it\/index.php?rest_route=%2Fwp%2Fv2%2Fcomments&post=17342"}],"version-history":[{"count":0,"href":"https:\/\/archivio.comune.potenza.it\/index.php?rest_route=\/wp\/v2\/posts\/17342\/revisions"}],"wp:attachment":[{"href":"https:\/\/archivio.comune.potenza.it\/index.php?rest_route=%2Fwp%2Fv2%2Fmedia&parent=17342"}],"wp:term":[{"taxonomy":"category","embeddable":true,"href":"https:\/\/archivio.comune.potenza.it\/index.php?rest_route=%2Fwp%2Fv2%2Fcategories&post=17342"},{"taxonomy":"post_tag","embeddable":true,"href":"https:\/\/archivio.comune.potenza.it\/index.php?rest_route=%2Fwp%2Fv2%2Ftags&post=17342"}],"curies":[{"name":"wp","href":"https:\/\/api.w.org\/{rel}","templated":true}]}}