{"id":17399,"date":"2016-08-11T16:29:17","date_gmt":"2016-08-11T14:29:17","guid":{"rendered":"http:\/\/archivio.comune.potenza.it\/?p=17399"},"modified":"2016-08-11T16:29:17","modified_gmt":"2016-08-11T14:29:17","slug":"giuzio-ratti-a-potenza-il-caso-poggio-tre-galli","status":"publish","type":"post","link":"https:\/\/archivio.comune.potenza.it\/?p=17399","title":{"rendered":"Giuzio: ratti a Potenza, il caso Poggio Tre Galli"},"content":{"rendered":"<p>A Potenza \u00e8 emergenza ratti!<br \/>\nMolte le lamentele che pervengono dai quartieri. Dal centro storico, a Bucaletto a Poggio Tre Galli sono tanti i cittadini che lamentano la presenza di grossi ratti che girano, anche di giorno, per strada.<br \/>\nNel rispondere a un&#8217;interrogazione presentata da Fratelli D&#8217;Italia, sul verde e la pulizia della citt\u00e0, l&#8217;assessore al ramo assicurava che l&#8217;Acta, aveva in corso un programma di derattizzazione ma, stante le tante segnalazioni, forse sarebbe opportuno che lo stesso venisse intensificato con un intervento straordinario nella zona di Poggio Tre Galli, nella quale\u00a0\u00a0siamo quasi all&#8217;emergenza.<br \/>\nVarie le segnalazioni: \u00e8 di eri quella pervenuta da un cittadino di Via Tammone che ha avvistato una colonia di ratti che indisturbati giravano in cerca di cibo; di una signora della stessa zona che, qualche giorno fa ne ha trovato uno dentro casa al quarto piano di un condominio; nonch\u00e9, di alcuni abitanti di Piazza Don Pinuccio Lattuchella che si sono lanciati alla &#8220;caccia al ratto&#8221;.<br \/>\nChe Potenza continua ad essere una citt\u00e0 sporca \u00e8 sotto gli occhi di tutti ma bisogna far in modo di evitare che si sviluppino criticit\u00e0 che potrebbero portare a problemi ben pi\u00f9 gravi.<br \/>\nIn attesa di completare &#8211; dopo che il Consiglio Comunale ne ha approvato il regolamento &#8211; la raccolta differenziata porta a porta che eliminer\u00e0 i cassonetti dalla strada con benefici in termini di igiene e decoro, una maggiore attenzione e presenza sul territorio da parte dell&#8217;amministrazione non guasterebbe.<\/p>\n","protected":false},"excerpt":{"rendered":"<p>A Potenza \u00e8 emergenza ratti! Molte le lamentele che pervengono dai quartieri. Dal centro storico, a Bucaletto a Poggio Tre Galli sono tanti i cittadini &#8230; <\/p>\n","protected":false},"author":2,"featured_media":0,"comment_status":"closed","ping_status":"closed","sticky":false,"template":"single-sidebar.php","format":"standard","meta":{"footnotes":""},"categories":[384],"tags":[],"class_list":["post-17399","post","type-post","status-publish","format-standard","hentry","category-c243-comunicati-stampa-dei-consiglieri-243"],"_links":{"self":[{"href":"https:\/\/archivio.comune.potenza.it\/index.php?rest_route=\/wp\/v2\/posts\/17399"}],"collection":[{"href":"https:\/\/archivio.comune.potenza.it\/index.php?rest_route=\/wp\/v2\/posts"}],"about":[{"href":"https:\/\/archivio.comune.potenza.it\/index.php?rest_route=\/wp\/v2\/types\/post"}],"author":[{"embeddable":true,"href":"https:\/\/archivio.comune.potenza.it\/index.php?rest_route=\/wp\/v2\/users\/2"}],"replies":[{"embeddable":true,"href":"https:\/\/archivio.comune.potenza.it\/index.php?rest_route=%2Fwp%2Fv2%2Fcomments&post=17399"}],"version-history":[{"count":0,"href":"https:\/\/archivio.comune.potenza.it\/index.php?rest_route=\/wp\/v2\/posts\/17399\/revisions"}],"wp:attachment":[{"href":"https:\/\/archivio.comune.potenza.it\/index.php?rest_route=%2Fwp%2Fv2%2Fmedia&parent=17399"}],"wp:term":[{"taxonomy":"category","embeddable":true,"href":"https:\/\/archivio.comune.potenza.it\/index.php?rest_route=%2Fwp%2Fv2%2Fcategories&post=17399"},{"taxonomy":"post_tag","embeddable":true,"href":"https:\/\/archivio.comune.potenza.it\/index.php?rest_route=%2Fwp%2Fv2%2Ftags&post=17399"}],"curies":[{"name":"wp","href":"https:\/\/api.w.org\/{rel}","templated":true}]}}