{"id":17456,"date":"2016-08-18T12:43:49","date_gmt":"2016-08-18T10:43:49","guid":{"rendered":"http:\/\/archivio.comune.potenza.it\/?p=17456"},"modified":"2016-08-18T12:43:49","modified_gmt":"2016-08-18T10:43:49","slug":"chiesa-della-trinita-galella-chiede-di-intervenire","status":"publish","type":"post","link":"https:\/\/archivio.comune.potenza.it\/?p=17456","title":{"rendered":"Chiesa della Trinit\u00e0, Galella chiede di intervenire"},"content":{"rendered":"<p>18.8.16-ore 12,40: \u201cSi sta intervenendo nel centro storico per riqualificare vicoli e strade, sono in programma e sono stati realizzati lavori su gradinate e altri immobili per cercare di recuperare la parte antica della citt\u00e0, per troppi anni lasciata all\u2019incuria e all\u2019abbandono. Mi chiedo: \u00e8 possibile che la Chiesa della Trinit\u00e0, posta nel cuore del centro storico, a met\u00e0 della principale via cittadina, a pochi passi dai palazzi che ospitano le sedi di Prefettura e Comune, rimanga \u2018impacchettata\u2019 da anni senza che se ne sappia pi\u00f9 nulla?\u201d. Cos\u00ec il consigliere comunale di Fratelli d\u2019Italia, Alessandro Galella interviene sulla chiusura dell\u2019edificio di culto circondato dalle impalcature. \u201cUna storia millenaria quella della Trinit\u00e0 \u2013 prosegue Galella \u2013 che nel 1429 vede la sua prima consacrazione registrata, e della quale risultano atti della Curia risalenti a circa due secoli prima, non pu\u00f2 essere ignorata o cadere nel dimenticatoio. L\u2019evoluzione architettonica, dalle tre navate alla singola attuale, le cappelle, il presbiterio, il controsoffitto a cassettoni, il campanile ricostruito pi\u00f9 volte a seguito dei diversi terremoti, eretto l\u2019ultima volta poco meno di 90 anni fa, meritano l\u2019attenzione e la cura da parte delle diverse istituzioni coinvolte. \u00a0Uno scrigno che conserva opere d\u2019arte plurisecolari, altari in marmi policromi, soprattutto quello dell\u2019abside, che rappresentano, insieme all\u2019edificio sacro, un inestimabile patrimonio per la citt\u00e0, e l\u2019intera regione. Oltre a tutto questo, l\u2019aspetto pi\u00f9 importante per noi cattolici potentini \u00e8 quello che questa chiesa rappresenta. Migliaia di sacramenti ricevuti e amministrati, importantissima attivit\u00e0 culturale e sociale svolta per decenni nei locali annessi al tempio, per generazioni punto di riferimento, anche per fedeli non proprio esemplari come me, ma che in quella chiesa trovavano l\u2019occasione per partecipare alla messa domenicale, per recitare una preghiera entrando per pochi minuti dall\u2019ingresso su via Pretoria, anche solo per farsi un segno di croce passando davanti ai suoi portali. So che il Sindaco \u00e8 particolarmente sensibile a questi temi e mi auguro che, per quanto di propria competenza, possa spendersi perch\u00e9 i responsabili procedano con l\u2019esecuzione dei lavori necessari al ripristino della struttura e, quanto prima, si possa tornare a far vivere una parrocchia importantissima per Potenza e per i potentini\u201d conclude il consigliere.<\/p>\n","protected":false},"excerpt":{"rendered":"<p>18.8.16-ore 12,40: \u201cSi sta intervenendo nel centro storico per riqualificare vicoli e strade, sono in programma e sono stati realizzati lavori su gradinate e altri &#8230; <\/p>\n","protected":false},"author":3,"featured_media":0,"comment_status":"closed","ping_status":"closed","sticky":false,"template":"single-sidebar.php","format":"standard","meta":{"footnotes":""},"categories":[384],"tags":[],"class_list":["post-17456","post","type-post","status-publish","format-standard","hentry","category-c243-comunicati-stampa-dei-consiglieri-243"],"_links":{"self":[{"href":"https:\/\/archivio.comune.potenza.it\/index.php?rest_route=\/wp\/v2\/posts\/17456"}],"collection":[{"href":"https:\/\/archivio.comune.potenza.it\/index.php?rest_route=\/wp\/v2\/posts"}],"about":[{"href":"https:\/\/archivio.comune.potenza.it\/index.php?rest_route=\/wp\/v2\/types\/post"}],"author":[{"embeddable":true,"href":"https:\/\/archivio.comune.potenza.it\/index.php?rest_route=\/wp\/v2\/users\/3"}],"replies":[{"embeddable":true,"href":"https:\/\/archivio.comune.potenza.it\/index.php?rest_route=%2Fwp%2Fv2%2Fcomments&post=17456"}],"version-history":[{"count":0,"href":"https:\/\/archivio.comune.potenza.it\/index.php?rest_route=\/wp\/v2\/posts\/17456\/revisions"}],"wp:attachment":[{"href":"https:\/\/archivio.comune.potenza.it\/index.php?rest_route=%2Fwp%2Fv2%2Fmedia&parent=17456"}],"wp:term":[{"taxonomy":"category","embeddable":true,"href":"https:\/\/archivio.comune.potenza.it\/index.php?rest_route=%2Fwp%2Fv2%2Fcategories&post=17456"},{"taxonomy":"post_tag","embeddable":true,"href":"https:\/\/archivio.comune.potenza.it\/index.php?rest_route=%2Fwp%2Fv2%2Ftags&post=17456"}],"curies":[{"name":"wp","href":"https:\/\/api.w.org\/{rel}","templated":true}]}}