{"id":17497,"date":"2016-08-23T13:46:30","date_gmt":"2016-08-23T11:46:30","guid":{"rendered":"http:\/\/archivio.comune.potenza.it\/?p=17497"},"modified":"2016-08-23T13:46:30","modified_gmt":"2016-08-23T11:46:30","slug":"commercio-ambulante-nota-di-lovallo","status":"publish","type":"post","link":"https:\/\/archivio.comune.potenza.it\/?p=17497","title":{"rendered":"Commercio ambulante, nota di Lovallo"},"content":{"rendered":"<p>23.8.16-ore 13,20 \u201cStiamo assistendo alla proliferazione incontrollata di concessioni che autorizzano la vendita ambulante su posteggio, anche se solo attraverso permessi stagionali, in luoghi e condizioni ai quali \u00e8 impossibile trovare una giustificazione. Caso emblematico \u2013 prosegue il consigliere del Pd Nicola Lovallo \u2013 \u00e8 quanto deciso in merito al parcheggio che serve il terminal dei bus di viale del Basento, in corrispondenza del sottopasso della stazione ferroviaria. Si tratta di un\u2019area da sempre al centro di polemiche, per la regolamentazione della sosta, per l\u2019utilizzo degli stessi parcheggi, per le sanzioni elevate a pi\u00f9 riprese, anche a quanti, \u00e8 vero non rispettano la segnaletica, ma lasciano le proprie vetture negli stalli per recarsi a lavorare per esempio nello stabilimento Fiat di San Nicola di Melfi. Bene in un triangolo di asfalto con spazi molto limitati e un numero di posti auto davvero esiguo, rispetto alle esigenze, si decide di consentire la vendita di prodotti ortofrutticoli, riducendo ulteriormente la possibilit\u00e0 di parcheggiare a quanti si servono di quell\u2019area per raggiungere stazione ferroviaria e zona di partenza dei bus extraurbani. La mia segnalazione non \u00e8 in alcun modo indirizzata a limitare l\u2019esercizio della vendita ambulante agli aventi diritto, che anzi costituiscono una parte importante dell\u2019economia locale, oltre a consentire a tante famiglie del capoluogo di provvedere al proprio sostentamento attraverso il proprio lavoro. Mi corre l\u2019obbligo per\u00f2 di evidenziare, e in merito provveder\u00f2 a inoltrare anche un\u2019apposita interrogazione indirizzandola al presidente del Consiglio, al Sindaco e all\u2019assessore Celi, titolare della delega alle Attivit\u00e0 produttive, che anche in questo settore si naviga a vista, mancando una visione d\u2019insieme, una capacit\u00e0 programmatoria, la volont\u00e0 di affrontare in maniera condivisa il problema, dando vita a evidenti errori. Come si pu\u00f2 consentire di occupare diversi parcheggi per pi\u00f9 mesi, in pianta stabile, all\u2019interno di una molto limitata area di sosta, nella quale si \u00e8 operato, con segnaletica e multe, affinch\u00e9 gli stessi stalli non si lasciassero veicoli per troppo tempo, al fine di agevolare l\u2019utilizzo di un maggior numero di utenti?\u201d.<\/p>\n","protected":false},"excerpt":{"rendered":"<p>23.8.16-ore 13,20 \u201cStiamo assistendo alla proliferazione incontrollata di concessioni che autorizzano la vendita ambulante su posteggio, anche se solo attraverso permessi stagionali, in luoghi e &#8230; <\/p>\n","protected":false},"author":3,"featured_media":0,"comment_status":"closed","ping_status":"closed","sticky":false,"template":"single-sidebar.php","format":"standard","meta":{"footnotes":""},"categories":[384],"tags":[],"class_list":["post-17497","post","type-post","status-publish","format-standard","hentry","category-c243-comunicati-stampa-dei-consiglieri-243"],"_links":{"self":[{"href":"https:\/\/archivio.comune.potenza.it\/index.php?rest_route=\/wp\/v2\/posts\/17497"}],"collection":[{"href":"https:\/\/archivio.comune.potenza.it\/index.php?rest_route=\/wp\/v2\/posts"}],"about":[{"href":"https:\/\/archivio.comune.potenza.it\/index.php?rest_route=\/wp\/v2\/types\/post"}],"author":[{"embeddable":true,"href":"https:\/\/archivio.comune.potenza.it\/index.php?rest_route=\/wp\/v2\/users\/3"}],"replies":[{"embeddable":true,"href":"https:\/\/archivio.comune.potenza.it\/index.php?rest_route=%2Fwp%2Fv2%2Fcomments&post=17497"}],"version-history":[{"count":0,"href":"https:\/\/archivio.comune.potenza.it\/index.php?rest_route=\/wp\/v2\/posts\/17497\/revisions"}],"wp:attachment":[{"href":"https:\/\/archivio.comune.potenza.it\/index.php?rest_route=%2Fwp%2Fv2%2Fmedia&parent=17497"}],"wp:term":[{"taxonomy":"category","embeddable":true,"href":"https:\/\/archivio.comune.potenza.it\/index.php?rest_route=%2Fwp%2Fv2%2Fcategories&post=17497"},{"taxonomy":"post_tag","embeddable":true,"href":"https:\/\/archivio.comune.potenza.it\/index.php?rest_route=%2Fwp%2Fv2%2Ftags&post=17497"}],"curies":[{"name":"wp","href":"https:\/\/api.w.org\/{rel}","templated":true}]}}