{"id":17498,"date":"2016-08-23T13:47:36","date_gmt":"2016-08-23T11:47:36","guid":{"rendered":"http:\/\/archivio.comune.potenza.it\/?p=17498"},"modified":"2016-08-23T13:47:36","modified_gmt":"2016-08-23T11:47:36","slug":"acta-e-blocco-assunzioni-interviene-giuzio","status":"publish","type":"post","link":"https:\/\/archivio.comune.potenza.it\/?p=17498","title":{"rendered":"Acta e blocco assunzioni, interviene Giuzio"},"content":{"rendered":"<p>23.8.16-ore 13,35: \u201cActa e blocco delle assunzioni un mito da sfatare\u201d. E\u2019 quanto afferma in una sua nota il capogruppo di Fratelli d\u2019Italia Giuseppe Giuzio. \u201cAncora una volta \u2013 prosegue il consigliere \u2013 l&#8217;assessore all&#8217;Ambiente vuol far passare una scelta politica, quella dell&#8217;esternalizzazione dei servizi Acta, come un \u2018obbligo\u2019 imposto da vincoli di bilancio che comporterebbero il blocco delle assunzioni dell&#8217;ente in dissesto. Va chiarita una volta per tutte che l&#8217;Acta \u00e8 una S.p.A. soggetta esclusivamente a norme di diritto privato e, come tale, nessun \u2018blocco delle assunzioni\u2019 \u00e8 prevista per la stessa. Tra l&#8217;altro il costo (molto alto) dei servizi assicurati dalla partecipata \u00e8 coperto da una specifica tassa che ricade per intero sui cittadini, e l&#8217;esternalizzazione non ridurrebbe la stessa, anzi, potrebbe incrementarla. La favola del \u2018blocco delle assunzioni\u2019 non pu\u00f2 essere assolutamente la motivazione di una scelta politica che, seppur legittima, consideriamo del tutto scellerata: quella di affidare i servizi pubblici alle cooperative. Tra l&#8217;altro l&#8217;assessore evidenzia che per esternalizzare il servizio dovr\u00e0 essere indetta \u2018gara di appalto a carattere europeo\u2019; questo comporterebbe tempi lunghi e, nelle more, non abbiamo alcun dubbio, si far\u00e0 ricorso allo strumento delle assunzioni interinali, fonte di tanti mali per il nostro comune. Questa Amministrazione, ancora una volta, dimostra di essere politicamente supina a quel \u2018sistema\u2019 che per anni abbiamo contrastato. Noi non ci stiamo. Attenzioneremo costantemente il percorso intrapreso e monitoreremo, a uno a uno, i nomi dei futuri assunti, per evitare, come siamo certi che avverr\u00e0, non abbiamo alcun dubbio, in tal senso, sulla correttezza di questa amministrazione, \u2018ingerenze\u2019, seppur inconsapevoli, perch\u00e9 \u00e8 giusto che ci sia trasparenza e legalit\u00e0 in un momento in cui la credibilit\u00e0 della politica \u00e8, a dir poco, ai minimi storici\u201d conclude Giuzio.<\/p>\n","protected":false},"excerpt":{"rendered":"<p>23.8.16-ore 13,35: \u201cActa e blocco delle assunzioni un mito da sfatare\u201d. E\u2019 quanto afferma in una sua nota il capogruppo di Fratelli d\u2019Italia Giuseppe Giuzio. &#8230; <\/p>\n","protected":false},"author":3,"featured_media":0,"comment_status":"closed","ping_status":"closed","sticky":false,"template":"single-sidebar.php","format":"standard","meta":{"footnotes":""},"categories":[384],"tags":[],"class_list":["post-17498","post","type-post","status-publish","format-standard","hentry","category-c243-comunicati-stampa-dei-consiglieri-243"],"_links":{"self":[{"href":"https:\/\/archivio.comune.potenza.it\/index.php?rest_route=\/wp\/v2\/posts\/17498"}],"collection":[{"href":"https:\/\/archivio.comune.potenza.it\/index.php?rest_route=\/wp\/v2\/posts"}],"about":[{"href":"https:\/\/archivio.comune.potenza.it\/index.php?rest_route=\/wp\/v2\/types\/post"}],"author":[{"embeddable":true,"href":"https:\/\/archivio.comune.potenza.it\/index.php?rest_route=\/wp\/v2\/users\/3"}],"replies":[{"embeddable":true,"href":"https:\/\/archivio.comune.potenza.it\/index.php?rest_route=%2Fwp%2Fv2%2Fcomments&post=17498"}],"version-history":[{"count":0,"href":"https:\/\/archivio.comune.potenza.it\/index.php?rest_route=\/wp\/v2\/posts\/17498\/revisions"}],"wp:attachment":[{"href":"https:\/\/archivio.comune.potenza.it\/index.php?rest_route=%2Fwp%2Fv2%2Fmedia&parent=17498"}],"wp:term":[{"taxonomy":"category","embeddable":true,"href":"https:\/\/archivio.comune.potenza.it\/index.php?rest_route=%2Fwp%2Fv2%2Fcategories&post=17498"},{"taxonomy":"post_tag","embeddable":true,"href":"https:\/\/archivio.comune.potenza.it\/index.php?rest_route=%2Fwp%2Fv2%2Ftags&post=17498"}],"curies":[{"name":"wp","href":"https:\/\/api.w.org\/{rel}","templated":true}]}}