{"id":17501,"date":"2016-08-23T18:13:13","date_gmt":"2016-08-23T16:13:13","guid":{"rendered":"http:\/\/archivio.comune.potenza.it\/?p=17501"},"modified":"2016-08-23T18:13:13","modified_gmt":"2016-08-23T16:13:13","slug":"raccolta-differenziata-dei-rifiuti-intervento-di-vigilante","status":"publish","type":"post","link":"https:\/\/archivio.comune.potenza.it\/?p=17501","title":{"rendered":"Raccolta differenziata dei rifiuti, intervento di Vigilante"},"content":{"rendered":"<p>23.8.16-ore 18,10: \u201cSulla differenziata a Potenza, altra d\u00e9b\u00e2cle dell&#8217;assessore Coviello che continua a non rispondere alle nostre domande. \u00c8 notizia di questi giorni che la partenza della differenziata in citt\u00e0 slitter\u00e0 ulteriormente. La cosa non ci meraviglia affatto\u201d. Lo afferma, in un comunicato stampa, Antonio Vigilante, consigliere comunale di Potenza \u2018Lista civica per la Citt\u00e0&#8217;.\u00a0 \u201cQuesta \u2013 aggiunge Vigilante \u2013 \u00e8 la terza volta che denunciamo il ritardo organizzativo del Comune per la gestione della differenziata in citt\u00e0 e ancora nulla \u00e8 stato fatto. La societ\u00e0 partecipata del Comune, Acta, non \u00e8 ancora organizzata per gestire la differenziata. Non ci sono ancora provvedimenti relativi al discutibile indirizzo sull&#8217;esternalizzazione del servizio di spazzamento, utile a liberare personale interno da dedicare al \u2018porta a porta\u2019. Questione ancora pi\u00f9 grave: non sono stati ancora individuati i siti per i centri di raccolta primaria. E cosa ancor pi\u00f9 grave, con quali fondi verranno realizzati? Con le tasse dei cittadini? L&#8217;assessore Coviello continua a sfuggire alle domande precise che gli abbiamo ripetutamente rivolto, limitandosi a risposte vaghe e fantasiose e immaginando finanziamenti dei quali non vi \u00e8 traccia in atti ufficiali. Il sistema rifiuti non accenna ad avere alcuna evoluzione. I sistemi che, a detta del Sindaco stesso, lucravano sulle spalle dei cittadini, continuano nel loro esercizio. La raccolta differenziata per la citt\u00e0 di Potenza, ogni giorno che passa, si sta avvicinando ad un commissariamento, con l&#8217;assessore Coviello che, in pieno stile Renziano, continua a propagandare serenit\u00e0 e date di avvio puntualmente prorogate. Chiediamo una volta per tutte che l&#8217;assessore faccia chiarezza sull&#8217;individuazione dei centri di conferimento delle frazioni differenziate, dei centri di raccolta primari e di smistamento, comunicando puntualmente i relativi fondi necessari realizzazione. I cittadini \u2013 conclude Vigilante &#8211; hanno il sacrosanto diritto di conoscere la verit\u00e0 soprattutto quando si trattano provvedimenti che gravano direttamente sulle loro tasche\u201d.<\/p>\n","protected":false},"excerpt":{"rendered":"<p>23.8.16-ore 18,10: \u201cSulla differenziata a Potenza, altra d\u00e9b\u00e2cle dell&#8217;assessore Coviello che continua a non rispondere alle nostre domande. \u00c8 notizia di questi giorni che la &#8230; <\/p>\n","protected":false},"author":3,"featured_media":0,"comment_status":"closed","ping_status":"closed","sticky":false,"template":"single-sidebar.php","format":"standard","meta":{"footnotes":""},"categories":[384],"tags":[],"class_list":["post-17501","post","type-post","status-publish","format-standard","hentry","category-c243-comunicati-stampa-dei-consiglieri-243"],"_links":{"self":[{"href":"https:\/\/archivio.comune.potenza.it\/index.php?rest_route=\/wp\/v2\/posts\/17501"}],"collection":[{"href":"https:\/\/archivio.comune.potenza.it\/index.php?rest_route=\/wp\/v2\/posts"}],"about":[{"href":"https:\/\/archivio.comune.potenza.it\/index.php?rest_route=\/wp\/v2\/types\/post"}],"author":[{"embeddable":true,"href":"https:\/\/archivio.comune.potenza.it\/index.php?rest_route=\/wp\/v2\/users\/3"}],"replies":[{"embeddable":true,"href":"https:\/\/archivio.comune.potenza.it\/index.php?rest_route=%2Fwp%2Fv2%2Fcomments&post=17501"}],"version-history":[{"count":0,"href":"https:\/\/archivio.comune.potenza.it\/index.php?rest_route=\/wp\/v2\/posts\/17501\/revisions"}],"wp:attachment":[{"href":"https:\/\/archivio.comune.potenza.it\/index.php?rest_route=%2Fwp%2Fv2%2Fmedia&parent=17501"}],"wp:term":[{"taxonomy":"category","embeddable":true,"href":"https:\/\/archivio.comune.potenza.it\/index.php?rest_route=%2Fwp%2Fv2%2Fcategories&post=17501"},{"taxonomy":"post_tag","embeddable":true,"href":"https:\/\/archivio.comune.potenza.it\/index.php?rest_route=%2Fwp%2Fv2%2Ftags&post=17501"}],"curies":[{"name":"wp","href":"https:\/\/api.w.org\/{rel}","templated":true}]}}