{"id":17546,"date":"2016-08-29T10:05:05","date_gmt":"2016-08-29T08:05:05","guid":{"rendered":"http:\/\/archivio.comune.potenza.it\/?p=17546"},"modified":"2016-08-29T10:05:05","modified_gmt":"2016-08-29T08:05:05","slug":"servizi-ad-acta-intervento-di-giuzio","status":"publish","type":"post","link":"https:\/\/archivio.comune.potenza.it\/?p=17546","title":{"rendered":"Servizi ad Acta, intervento di Giuzio"},"content":{"rendered":"<p>29.8.16-ore 9,50: \u201cChe questa Amministrazione \u2013 spiega il capogruppo di Fratelli d\u2019Italia Giuseppe Giuzio \u2013 dopo la svolta a sinistra fosse andata in confusione lo avevamo denunciato gi\u00e0 da tempo. La ricerca continua di equilibri sta creando malcontento in tutti i settori e molti in giunta mostrano nervosismo e ansie per gli obiettivi che risultano sfuggenti e di difficile realizzazione. Si amministra da \u2018commissari\u2019 senza un briciolo di visione politica e spesso la mano destra non sa quello che fa la sinistra. Tanto \u00e8 vero che da un lato si ritiene di internalizzare affidando all&#8217;Acta la gestione dei parcheggi; dall&#8217;altro, veniamo tacciati di superficialit\u00e0, poich\u00e9 riteniamo che non sia consigliabile esternalizzare lo spazzamento, per costi e funzionalit\u00e0, mentre, l&#8217;assessore Coviello evidenzia che vi \u00e8 per la stessa Acta un limite oggettivo, dato dal bilancio riequilibrato, a gestire servizi con nuovo personale. Una contraddizione palese: ci chiediamo, infatti, per quale ragione l&#8217;Acta pu\u00f2 gestire i parcheggi con circa venti nuovi lavoratori e non potrebbe, invece, svolgere lo spazzamento in cui, tra l&#8217;altro, \u00e8 specializzata. Ci troviamo di fronte alla dimostrazione di un&#8217;Amministrazione, quantomeno, contraddittoria nelle sue scelte. L&#8217;intervento, apparso sulla stampa, della Cisl, che conferma la volont\u00e0 del Sindaco di voler impiegare (a questo punto si pu\u00f2 immaginare momentaneamente e con contratti interinali) i \u2018fuoriusciti dal mondo del lavoro\u2019 per poi affidare all&#8217;esterno il servizio con un bando contenente norme che agevolino gli stessi, come esplicitato in una recente intervista d&#8217;assessore all&#8217;Ambiente (cosa per noi illegittima, come gi\u00e0 denunciato, poich\u00e9 crea disparit\u00e0 e un&#8217;indebita ingerenza della politica sui privati), conferma le nostre perplessit\u00e0. Tali incongruenze ci impongono di proseguire la nostra attivit\u00e0 consiliare per la ricerca di risposte esaustive; per tale ragione e al fine di fare, una volta per tutte chiarezza, in merito ai limiti imposti dalla normativa alla partecipata, ove non ci saranno date spiegazioni convincenti, non esiteremo a interpellare, per il tramite del signor Prefetto, il Ministero competente. \u00c8 allo studio l&#8217;ipotesi di un quesito al fine di valutare se l&#8217;affidamento all&#8217;Acta della gestione delle aree di sosta a pagamento possa violare le prescrizioni del DM 241723 del 23\/12\/2015, relativo all&#8217;approvazione dell&#8217;ipotesi di bilancio stabilmente riequilibrato. L&#8217;Amministrazione non scambi il nostro \u2018buon senso\u2019 con \u2018consociativismo\u2019 e non sottovaluti la capacit\u00e0 critica di una opposizione che era stata costruita per governare e cambiare Potenza. Le linee guida sono sempre le stesse: trasparenza e legalit\u00e0 valori non negoziabili e non soggetti a mediazione alcuna.\u201d conclude Giuzio.<\/p>\n","protected":false},"excerpt":{"rendered":"<p>29.8.16-ore 9,50: \u201cChe questa Amministrazione \u2013 spiega il capogruppo di Fratelli d\u2019Italia Giuseppe Giuzio \u2013 dopo la svolta a sinistra fosse andata in confusione lo &#8230; <\/p>\n","protected":false},"author":3,"featured_media":0,"comment_status":"closed","ping_status":"closed","sticky":false,"template":"single-sidebar.php","format":"standard","meta":{"footnotes":""},"categories":[384],"tags":[],"class_list":["post-17546","post","type-post","status-publish","format-standard","hentry","category-c243-comunicati-stampa-dei-consiglieri-243"],"_links":{"self":[{"href":"https:\/\/archivio.comune.potenza.it\/index.php?rest_route=\/wp\/v2\/posts\/17546"}],"collection":[{"href":"https:\/\/archivio.comune.potenza.it\/index.php?rest_route=\/wp\/v2\/posts"}],"about":[{"href":"https:\/\/archivio.comune.potenza.it\/index.php?rest_route=\/wp\/v2\/types\/post"}],"author":[{"embeddable":true,"href":"https:\/\/archivio.comune.potenza.it\/index.php?rest_route=\/wp\/v2\/users\/3"}],"replies":[{"embeddable":true,"href":"https:\/\/archivio.comune.potenza.it\/index.php?rest_route=%2Fwp%2Fv2%2Fcomments&post=17546"}],"version-history":[{"count":0,"href":"https:\/\/archivio.comune.potenza.it\/index.php?rest_route=\/wp\/v2\/posts\/17546\/revisions"}],"wp:attachment":[{"href":"https:\/\/archivio.comune.potenza.it\/index.php?rest_route=%2Fwp%2Fv2%2Fmedia&parent=17546"}],"wp:term":[{"taxonomy":"category","embeddable":true,"href":"https:\/\/archivio.comune.potenza.it\/index.php?rest_route=%2Fwp%2Fv2%2Fcategories&post=17546"},{"taxonomy":"post_tag","embeddable":true,"href":"https:\/\/archivio.comune.potenza.it\/index.php?rest_route=%2Fwp%2Fv2%2Ftags&post=17546"}],"curies":[{"name":"wp","href":"https:\/\/api.w.org\/{rel}","templated":true}]}}