{"id":17597,"date":"2016-09-01T13:42:29","date_gmt":"2016-09-01T11:42:29","guid":{"rendered":"http:\/\/archivio.comune.potenza.it\/?p=17597"},"modified":"2016-09-01T13:43:53","modified_gmt":"2016-09-01T11:43:53","slug":"nuovo-piano-di-trasporto-pubblico-interviene-lovallo","status":"publish","type":"post","link":"https:\/\/archivio.comune.potenza.it\/?p=17597","title":{"rendered":"Nuovo Piano di trasporto pubblico, interviene Lovallo"},"content":{"rendered":"<p>1.9.16-ore 13,35: \u201cDocumentazione consegnata in ritardo ai consiglieri, mancanza dei tempi di percorrenza, quartieri e zone rurali non prese in considerazione, gli assi viari individuati che lasciano fuori il 40% della citt\u00e0\u201d. Queste alcune delle criticit\u00e0 emerse secondo il consigliere del Pd Nicola Lovallo nel corso del lavoro in Commissione che anticipa l\u2019esame del nuovo Piano di Trasporto pubblico in Consiglio comunale. \u201cFaccio solo un esempio per tutti. La linea \u00a0Demanio San Gerardo, Bosco Piccolo, Bosco Grande, Barrata, Cugno delle Brecce, Cavalieri, Ospedale, Contrada Claps e Contrada Romaniello lasciano fuori decine di famiglie, il 40% su questo asse non viene preso. Tra Tiera e Cavalieri c\u2019\u00e8 Cugno delle Brecce, tra Cavalieri e Piani del Mattino c\u2019\u00e8 Cugno della Rossa, che come Masseria Mancusi non sono serviti. Ed \u00e8 lo stesso per tutti i percorsi rurali come ho avuto modo di segnale in Commissione. Pur sapendo che i chilometri sono quelli, con un discorso di sperimentazione mi aspettavo che le proposte avanzate in maniera collegiale di tutte le esigenze\u00a0 manifestate in Commissione fossero tenute in considerazione, e invece si \u00e8 ascoltata la singola proposta del singolo consigliere, evitando di avere una programmazione organica, ma procedendo con interventi spot e contentini che non hanno reso possibile cogliere l\u2019opportunit\u00e0 fornita da questa revisione, revisione che cos\u00ec vede l\u2019assenza di una vision d\u2019insieme. Sono preoccupato per l\u2019ennesimo Piano che non garantir\u00e0 un trasporto adeguato per i cittadini delle zone rurali, ingolfer\u00e0 ulteriormente il traffico di mezzi privati in citt\u00e0, penalizzando cittadini che anche sulla raccolta differenziata stanno fornendo un comportamento esemplare con un alto senso civico, a testimonianza che le difficolt\u00e0 in quella materia non era a loro ascrivibile, ma a persone di altre comunit\u00e0. Dov\u2019\u00e8 la sensibilit\u00e0 dell\u2019Amministrazione comunale nei confronti di tanti cittadini, penso al residente di monte Lifoj al quale devono essere garantiti gli stessi servizi essenziali, il trasporto pubblico e quello scolastico tra questi, evitando di far s\u00ec che esistano sempre cittadini di serie \u2018A\u2019 e serie \u2018B\u2019. \u00a0145 nuclei piccoli e grandi devono essere considerati in una citt\u00e0 di servizi quale \u00e8 la nostra, baricentrica rispetto a 28 Comuni del \u2018bacino centro\u2019, un piano di Trasporto pubblico deve considerare questo, avere una visione globale, cos\u00ec che queste zone \u2018cuscinetto\u2019 che ci collegano ai 10 Comuni dell\u2019area metropolitana, possano confluire in servizi integrati che consentano risparmi dei costi e efficientamento del servizio\u201d conclude Lovallo.<\/p>\n","protected":false},"excerpt":{"rendered":"<p>1.9.16-ore 13,35: \u201cDocumentazione consegnata in ritardo ai consiglieri, mancanza dei tempi di percorrenza, quartieri e zone rurali non prese in considerazione, gli assi viari individuati &#8230; <\/p>\n","protected":false},"author":3,"featured_media":0,"comment_status":"closed","ping_status":"closed","sticky":false,"template":"single-sidebar.php","format":"standard","meta":{"footnotes":""},"categories":[384],"tags":[],"class_list":["post-17597","post","type-post","status-publish","format-standard","hentry","category-c243-comunicati-stampa-dei-consiglieri-243"],"_links":{"self":[{"href":"https:\/\/archivio.comune.potenza.it\/index.php?rest_route=\/wp\/v2\/posts\/17597"}],"collection":[{"href":"https:\/\/archivio.comune.potenza.it\/index.php?rest_route=\/wp\/v2\/posts"}],"about":[{"href":"https:\/\/archivio.comune.potenza.it\/index.php?rest_route=\/wp\/v2\/types\/post"}],"author":[{"embeddable":true,"href":"https:\/\/archivio.comune.potenza.it\/index.php?rest_route=\/wp\/v2\/users\/3"}],"replies":[{"embeddable":true,"href":"https:\/\/archivio.comune.potenza.it\/index.php?rest_route=%2Fwp%2Fv2%2Fcomments&post=17597"}],"version-history":[{"count":0,"href":"https:\/\/archivio.comune.potenza.it\/index.php?rest_route=\/wp\/v2\/posts\/17597\/revisions"}],"wp:attachment":[{"href":"https:\/\/archivio.comune.potenza.it\/index.php?rest_route=%2Fwp%2Fv2%2Fmedia&parent=17597"}],"wp:term":[{"taxonomy":"category","embeddable":true,"href":"https:\/\/archivio.comune.potenza.it\/index.php?rest_route=%2Fwp%2Fv2%2Fcategories&post=17597"},{"taxonomy":"post_tag","embeddable":true,"href":"https:\/\/archivio.comune.potenza.it\/index.php?rest_route=%2Fwp%2Fv2%2Ftags&post=17597"}],"curies":[{"name":"wp","href":"https:\/\/api.w.org\/{rel}","templated":true}]}}