{"id":17661,"date":"2016-09-05T13:13:10","date_gmt":"2016-09-05T11:13:10","guid":{"rendered":"http:\/\/archivio.comune.potenza.it\/?p=17661"},"modified":"2016-09-05T13:13:10","modified_gmt":"2016-09-05T11:13:10","slug":"situazione-migranti-mozione-presentata-da-giannizzari","status":"publish","type":"post","link":"https:\/\/archivio.comune.potenza.it\/?p=17661","title":{"rendered":"Situazione migranti, mozione presentata da Giannizzari"},"content":{"rendered":"<p>5.9.16-ore 12,15: Il capogruppo del Movimento 5 Stelle, Savino Gianizzari ha presentato una mozione con la quale impegna Sindaco e Giunta \u201ca predisporre, di concerto con le associazioni assegnatarie e alla Prefettura, un protocollo per lo svolgimento di servizi quali pulizia di piazze e parchi, cura delle aree verdi, della tinteggiatura delle aule scolastiche e dei cancelli delle scuole e della pulizia dei giardini delle scuole nella chiusura estiva e pi\u00f9 in generale interventi e altre piccole ma importanti attivit\u00e0. A prevedere che a tali attivit\u00e0 possano collegarsi come corrispettivo momenti formativi i che il Comune vorr\u00e0 individuare. A prevedere che nessun onere economico verr\u00e0 posto a carico del Comune, eccezione fatta per l\u2019assicurazione per la responsabilit\u00e0 civile verso terzi e contro gli infortuni\u201d. Il consigliere fa riferimento al fatto che \u201cda mesi il territorio cittadino ospita numerosi immigrati, persone che non vengono adeguatamente inserite all\u2019interno di contesti formativi, determinando, di fatto, una sorta di marginalizzazione rispetto al territorio cittadino. Se non adeguatamente impiegate potrebbero, col tempo, diventare facile manovalanza per i malavitosi\u201d.<\/p>\n","protected":false},"excerpt":{"rendered":"<p>5.9.16-ore 12,15: Il capogruppo del Movimento 5 Stelle, Savino Gianizzari ha presentato una mozione con la quale impegna Sindaco e Giunta \u201ca predisporre, di concerto &#8230; <\/p>\n","protected":false},"author":3,"featured_media":0,"comment_status":"closed","ping_status":"closed","sticky":false,"template":"single-sidebar.php","format":"standard","meta":{"footnotes":""},"categories":[384],"tags":[],"class_list":["post-17661","post","type-post","status-publish","format-standard","hentry","category-c243-comunicati-stampa-dei-consiglieri-243"],"_links":{"self":[{"href":"https:\/\/archivio.comune.potenza.it\/index.php?rest_route=\/wp\/v2\/posts\/17661"}],"collection":[{"href":"https:\/\/archivio.comune.potenza.it\/index.php?rest_route=\/wp\/v2\/posts"}],"about":[{"href":"https:\/\/archivio.comune.potenza.it\/index.php?rest_route=\/wp\/v2\/types\/post"}],"author":[{"embeddable":true,"href":"https:\/\/archivio.comune.potenza.it\/index.php?rest_route=\/wp\/v2\/users\/3"}],"replies":[{"embeddable":true,"href":"https:\/\/archivio.comune.potenza.it\/index.php?rest_route=%2Fwp%2Fv2%2Fcomments&post=17661"}],"version-history":[{"count":0,"href":"https:\/\/archivio.comune.potenza.it\/index.php?rest_route=\/wp\/v2\/posts\/17661\/revisions"}],"wp:attachment":[{"href":"https:\/\/archivio.comune.potenza.it\/index.php?rest_route=%2Fwp%2Fv2%2Fmedia&parent=17661"}],"wp:term":[{"taxonomy":"category","embeddable":true,"href":"https:\/\/archivio.comune.potenza.it\/index.php?rest_route=%2Fwp%2Fv2%2Fcategories&post=17661"},{"taxonomy":"post_tag","embeddable":true,"href":"https:\/\/archivio.comune.potenza.it\/index.php?rest_route=%2Fwp%2Fv2%2Ftags&post=17661"}],"curies":[{"name":"wp","href":"https:\/\/api.w.org\/{rel}","templated":true}]}}