{"id":17719,"date":"2016-09-08T13:26:50","date_gmt":"2016-09-08T11:26:50","guid":{"rendered":"http:\/\/archivio.comune.potenza.it\/?p=17719"},"modified":"2016-09-08T13:26:50","modified_gmt":"2016-09-08T11:26:50","slug":"presenza-cani-in-via-pretoria-nota-di-giannizzari","status":"publish","type":"post","link":"https:\/\/archivio.comune.potenza.it\/?p=17719","title":{"rendered":"Presenza cani in via Pretoria, nota di Giannizzari"},"content":{"rendered":"<p style=\"text-align: justify; line-height: 115%;\"><span style=\"font-size: 13.0pt; line-height: 115%;\">8.9.16-ore 13,20: Pochi giorni fa veniva presentata una mozione a firma del capogruppo M5S Savino Giannizzari nella quale si chiedeva che ai cani fosse impedito l\u2019accesso in via Pretoria. \u201cI motivi della richiesta \u2013 spiega Giannizzari \u2013 risiedevano nelle denunce di molti residenti della zona che lamentavano lo stato di degrado della via pi\u00f9 importante della citt\u00e0 a causa delle deiezioni dei cani condotti a passeggio. Tuttavia, la mozione ha scatenato le proteste di diverse associazioni animaliste, di singoli cittadini, nonch\u00e9 di coloro che detengono cani e che sono residenti nel tratto interessato dal divieto e a seguito delle quali il \u2018meetup\u2019 del Movimento Cinque Stelle Potenza, a seguito di una lunga discussione tenutasi nella giornata di ieri, ha deciso per la modifica del testo presentato. Nella giornata di oggi, il M5S Potenza ha presentato una nuova mozione caratterizzata dal raggiungimento di un giusto equilibrio tra chi, come i residenti dell\u2019area interessata, lamentano l\u2019esigenza di un maggior rigore verso quelle che sono le norme in vigore sull\u2019incolumit\u00e0 e l\u2019igiene pubblica, e i proprietari di cani ai quali non si vuole proibire il passeggio nella via storica. Il caso farebbe scuola perch\u00e9 si \u00e8 applicato in maniera concreta uno dei principi cardine del Movimento 5 stelle e cio\u00e8 quello della democrazia partecipata, nella quale i cittadini, senza alcuna intermediazione o rappresentanza politica, esercitano il potere, non solo legislativo ma anche di indirizzo politico. In concreto, dalla nuova mozione \u00e8 stata eliminata la volont\u00e0 di vietare il transito agli amici a 4 zampe chiedendo al contempo maggiore rigore nei controlli sul rispetto della normativa nazionale gi\u00e0 esistente e riguardante soprattutto la sicurezza dei cittadini per la tutela della loro incolumit\u00e0. Inoltre, si chiede la realizzazione lungo via Pretoria di distributori di palette e sacchetti nel caso in cui i padroni di cani pi\u00f9 distratti ne fossero sprovvisti. Ma il nuovo testo non interviene solo nella predetta zona ma va al di<br \/>\nl\u00e0 di questa impegnando Sindaco e Giunta all\u2019individuazione in tempi stretti di aree verdi attrezzate dove poter far circolare liberamente i propri cani senza bisogno di guinzaglio e museruola e passando da un\u2019appropriata campagna informativa ed educativa per i proprietari. Il nostro modello di democrazia \u2013 conclude Giannizzari \u2013 \u00e8 indipendente quando il momento e il tema sul quale il popolo interviene non dipende che dalla volont\u00e0 di quest&#8217;ultimo, o da un criterio oggettivo sul quale gli altri organi dello Stato non hanno influenza. Cos\u00ec definita, la democrazia diretta non si oppone, ma completa la democrazia rappresentativa: da noi funziona cos\u00ec\u201d.<\/span><\/p>\n","protected":false},"excerpt":{"rendered":"<p>8.9.16-ore 13,20: Pochi giorni fa veniva presentata una mozione a firma del capogruppo M5S Savino Giannizzari nella quale si chiedeva che ai cani fosse impedito &#8230; <\/p>\n","protected":false},"author":3,"featured_media":0,"comment_status":"closed","ping_status":"closed","sticky":false,"template":"single-sidebar.php","format":"standard","meta":{"footnotes":""},"categories":[384],"tags":[],"class_list":["post-17719","post","type-post","status-publish","format-standard","hentry","category-c243-comunicati-stampa-dei-consiglieri-243"],"_links":{"self":[{"href":"https:\/\/archivio.comune.potenza.it\/index.php?rest_route=\/wp\/v2\/posts\/17719"}],"collection":[{"href":"https:\/\/archivio.comune.potenza.it\/index.php?rest_route=\/wp\/v2\/posts"}],"about":[{"href":"https:\/\/archivio.comune.potenza.it\/index.php?rest_route=\/wp\/v2\/types\/post"}],"author":[{"embeddable":true,"href":"https:\/\/archivio.comune.potenza.it\/index.php?rest_route=\/wp\/v2\/users\/3"}],"replies":[{"embeddable":true,"href":"https:\/\/archivio.comune.potenza.it\/index.php?rest_route=%2Fwp%2Fv2%2Fcomments&post=17719"}],"version-history":[{"count":0,"href":"https:\/\/archivio.comune.potenza.it\/index.php?rest_route=\/wp\/v2\/posts\/17719\/revisions"}],"wp:attachment":[{"href":"https:\/\/archivio.comune.potenza.it\/index.php?rest_route=%2Fwp%2Fv2%2Fmedia&parent=17719"}],"wp:term":[{"taxonomy":"category","embeddable":true,"href":"https:\/\/archivio.comune.potenza.it\/index.php?rest_route=%2Fwp%2Fv2%2Fcategories&post=17719"},{"taxonomy":"post_tag","embeddable":true,"href":"https:\/\/archivio.comune.potenza.it\/index.php?rest_route=%2Fwp%2Fv2%2Ftags&post=17719"}],"curies":[{"name":"wp","href":"https:\/\/api.w.org\/{rel}","templated":true}]}}