{"id":17757,"date":"2016-09-13T13:04:20","date_gmt":"2016-09-13T11:04:20","guid":{"rendered":"http:\/\/archivio.comune.potenza.it\/?p=17757"},"modified":"2016-09-13T13:04:20","modified_gmt":"2016-09-13T11:04:20","slug":"assunzioni-acta-interviene-giuzio","status":"publish","type":"post","link":"https:\/\/archivio.comune.potenza.it\/?p=17757","title":{"rendered":"Assunzioni Acta, interviene Giuzio"},"content":{"rendered":"<p>13.9.16-ore 12,25: \u201cAscoltato, dopo una nostra specifica richiesta, in Prima Commissione consiliare del Comune di Potenza, il Segretario generale ha evidenziato come l&#8217;Acta non possa fare nuove assunzioni senza previa autorizzazione ministeriale, aprendo di fatto un momento di dibattito importante in merito alla partenza, definita prossima dall&#8217;Amministrazione, delle aree di sosta a pagamento, ma dando un&#8217;importante spallata in avanti anche alla partenza della raccolta differenziata\u201d. Ad affermarlo il capogruppo di Fratelli d\u2019Italia Giuseppe Giuzio che aggiunge come \u201critenevamo, stante anche dichiarazioni rese da esponenti di spicco della Giunta, che qualcosa non quadrava e &#8211; a sentire il Segretario generale dell&#8217;ente &#8211; non ci eravamo sbagliati. Quella che da alcuni veniva definita superficialit\u00e0 si \u00e8 trasformata in una opportunit\u00e0 per rivedere due delle pi\u00f9 importanti attivit\u00e0 dell&#8217;attuale amministrazione: aree di sosta a pagamento e raccolta differenziata porta a porta. Nell&#8217;audizione in commissione il Segretario ha chiaramente evidenziato che l&#8217;affidamento in house all&#8217;Acta diventa una opportunit\u00e0 per l&#8217;Amministrazione solo se svolta con personale interno. \u00c8 necessario, pertanto, trovare parcheggiatori nell&#8217;organigramma della partecipata; nuove assunzioni a qualunque titolo, comporterebbero una specifica deroga che non potrebbe prescindere dal parere positivo del Ministero. Se tanto \u00e8 vero, linea perfettamente da noi condivisa, vuol dire che per ora i parcheggi a pagamento non potranno partire e la raccolta differenziata subir\u00e0 dei ritardi ulteriori, poich\u00e9 l&#8217;Acta non dispone di personale per poterla completare. Per vederci chiaro abbiamo chiesto l&#8217;immediata audizione in commissione dell&#8217;assessore al ramo e dei vertici Acta oltre a un parere scritto del Segretario comunale. Nelle prossime settimane ne sapremo di pi\u00f9; per ora non ci resta che sperare che non si prendano decisioni affrettate che possano pregiudicare quanto fatto finora, perch\u00e9 non vi \u00e8 dubbio che violare il Decreto Ministeriale sul bilancio riequilibrato, senza autorizzazione, sicuramente potrebbe comportare sanzioni gravissime\u201d conclude Giuzio.<\/p>\n","protected":false},"excerpt":{"rendered":"<p>13.9.16-ore 12,25: \u201cAscoltato, dopo una nostra specifica richiesta, in Prima Commissione consiliare del Comune di Potenza, il Segretario generale ha evidenziato come l&#8217;Acta non possa &#8230; <\/p>\n","protected":false},"author":3,"featured_media":0,"comment_status":"closed","ping_status":"closed","sticky":false,"template":"single-sidebar.php","format":"standard","meta":{"footnotes":""},"categories":[384],"tags":[],"class_list":["post-17757","post","type-post","status-publish","format-standard","hentry","category-c243-comunicati-stampa-dei-consiglieri-243"],"_links":{"self":[{"href":"https:\/\/archivio.comune.potenza.it\/index.php?rest_route=\/wp\/v2\/posts\/17757"}],"collection":[{"href":"https:\/\/archivio.comune.potenza.it\/index.php?rest_route=\/wp\/v2\/posts"}],"about":[{"href":"https:\/\/archivio.comune.potenza.it\/index.php?rest_route=\/wp\/v2\/types\/post"}],"author":[{"embeddable":true,"href":"https:\/\/archivio.comune.potenza.it\/index.php?rest_route=\/wp\/v2\/users\/3"}],"replies":[{"embeddable":true,"href":"https:\/\/archivio.comune.potenza.it\/index.php?rest_route=%2Fwp%2Fv2%2Fcomments&post=17757"}],"version-history":[{"count":0,"href":"https:\/\/archivio.comune.potenza.it\/index.php?rest_route=\/wp\/v2\/posts\/17757\/revisions"}],"wp:attachment":[{"href":"https:\/\/archivio.comune.potenza.it\/index.php?rest_route=%2Fwp%2Fv2%2Fmedia&parent=17757"}],"wp:term":[{"taxonomy":"category","embeddable":true,"href":"https:\/\/archivio.comune.potenza.it\/index.php?rest_route=%2Fwp%2Fv2%2Fcategories&post=17757"},{"taxonomy":"post_tag","embeddable":true,"href":"https:\/\/archivio.comune.potenza.it\/index.php?rest_route=%2Fwp%2Fv2%2Ftags&post=17757"}],"curies":[{"name":"wp","href":"https:\/\/api.w.org\/{rel}","templated":true}]}}