{"id":17759,"date":"2016-09-13T13:08:26","date_gmt":"2016-09-13T11:08:26","guid":{"rendered":"http:\/\/archivio.comune.potenza.it\/?p=17759"},"modified":"2016-09-13T13:08:26","modified_gmt":"2016-09-13T11:08:26","slug":"situazione-politico-amministrativa-nota-del-gruppo-pd","status":"publish","type":"post","link":"https:\/\/archivio.comune.potenza.it\/?p=17759","title":{"rendered":"Situazione politico-amministrativa, nota del gruppo Pd"},"content":{"rendered":"<p>13.9.16-ore 12,50: \u201cLe ripetute prese di posizione del consigliere Carretta minano alla base la credibilit\u00e0 del gruppo consiliare e del partito. Dall&#8217;inizio della consiliatura il consigliere &#8211; a volte insieme a due colleghi &#8211; continua a perseguire una strada autonoma votando in direzione ostinata e contraria rispetto a quella perseguita dalla maggioranza del gruppo del Pd. Il gruppo consiliare,\u201d proseguono in una nota congiunta i consiglieri Luigi Petrone (presidente del Consiglio comunale), Gerardo Nardiello, Vincenzo Telesca e Angela Blasi \u201cin piena sintonia con la linea espressa dal segretario cittadino Sarli, ha deciso di non abbandonare la citt\u00e0, rendendosi protagonista, insieme al centro sinistra quasi al completo, della delicata fase del riequilibrio finanziario e di una azione di rilancio della quale iniziano a vedersi i primi frutti. Pertanto, se i colleghi Carretta Lovallo e Sileo dovessero continuare a sentirsi non rappresentati dalla linea espressa dalla maggioranza siano conseguenti con quanto fino ad ora fatto e detto e abbandonino il gruppo. E&#8217; doveroso che il segretario Sarli faccia chiarezza su questa situazione che non pu\u00f2 continuare perch\u00e9 mina alla base la credibilit\u00e0 del Partito e vanifica (almeno nella percezione di alcuni cittadini) il lavoro fatto dai consiglieri comunali per ridare alla citt\u00e0 la possibilit\u00e0 di ripartire dopo il dissesto. Il gruppo si sente pienamente rappresentato dalla azione portata avanti dal capogruppo Iudicello\u201d concludono i consiglieri.<\/p>\n","protected":false},"excerpt":{"rendered":"<p>13.9.16-ore 12,50: \u201cLe ripetute prese di posizione del consigliere Carretta minano alla base la credibilit\u00e0 del gruppo consiliare e del partito. Dall&#8217;inizio della consiliatura il &#8230; <\/p>\n","protected":false},"author":3,"featured_media":0,"comment_status":"closed","ping_status":"closed","sticky":false,"template":"single-sidebar.php","format":"standard","meta":{"footnotes":""},"categories":[384],"tags":[],"class_list":["post-17759","post","type-post","status-publish","format-standard","hentry","category-c243-comunicati-stampa-dei-consiglieri-243"],"_links":{"self":[{"href":"https:\/\/archivio.comune.potenza.it\/index.php?rest_route=\/wp\/v2\/posts\/17759"}],"collection":[{"href":"https:\/\/archivio.comune.potenza.it\/index.php?rest_route=\/wp\/v2\/posts"}],"about":[{"href":"https:\/\/archivio.comune.potenza.it\/index.php?rest_route=\/wp\/v2\/types\/post"}],"author":[{"embeddable":true,"href":"https:\/\/archivio.comune.potenza.it\/index.php?rest_route=\/wp\/v2\/users\/3"}],"replies":[{"embeddable":true,"href":"https:\/\/archivio.comune.potenza.it\/index.php?rest_route=%2Fwp%2Fv2%2Fcomments&post=17759"}],"version-history":[{"count":0,"href":"https:\/\/archivio.comune.potenza.it\/index.php?rest_route=\/wp\/v2\/posts\/17759\/revisions"}],"wp:attachment":[{"href":"https:\/\/archivio.comune.potenza.it\/index.php?rest_route=%2Fwp%2Fv2%2Fmedia&parent=17759"}],"wp:term":[{"taxonomy":"category","embeddable":true,"href":"https:\/\/archivio.comune.potenza.it\/index.php?rest_route=%2Fwp%2Fv2%2Fcategories&post=17759"},{"taxonomy":"post_tag","embeddable":true,"href":"https:\/\/archivio.comune.potenza.it\/index.php?rest_route=%2Fwp%2Fv2%2Ftags&post=17759"}],"curies":[{"name":"wp","href":"https:\/\/api.w.org\/{rel}","templated":true}]}}