{"id":17786,"date":"2016-09-14T09:47:59","date_gmt":"2016-09-14T07:47:59","guid":{"rendered":"http:\/\/archivio.comune.potenza.it\/?p=17786"},"modified":"2016-09-14T09:47:59","modified_gmt":"2016-09-14T07:47:59","slug":"trasporto-pubblico-locale-e-linea-9-nota-di-meccariello-e-telesca","status":"publish","type":"post","link":"https:\/\/archivio.comune.potenza.it\/?p=17786","title":{"rendered":"Trasporto pubblico locale e linea 9, nota di Meccariello e Telesca"},"content":{"rendered":"<p>14.9.16-ore 9,45: \u201cL\u2019approvazione del nuovo programma di trasporti della citt\u00e0 di Potenza \u00e8 stata senza dubbio un\u2019importante tappa volta a ottenere il miglioramento della vivibilit\u00e0 della citt\u00e0 di Potenza nei collegamenti sia interni sia con le aree rurali\u201d lo dichiarano Gianluca Meccariello, capogruppo di \u2018Insieme si Cambia\u2019 e il consigliere Vincenzo Telesca del \u2018Partito Democratico\u2019. \u201cUn impegno preso dall\u2019Amministrazione De Luca \u2013 continuano Meccariello e Telesca \u2013 che ha portato, sia pure nella evidente difficolt\u00e0 finanziaria, a una integrazione tra il trasporto su gomma e le scale mobili. Il Tpl di ultima approvazione, ha visto, tra l\u2019altro, l\u2019istituzione della \u2018Linea 9\u2019 che dal centro storico di Potenza, percorsa via Acerenza, condurr\u00e0 i fruitori del servizio al rione di San Rocco\/Cimitero per poi continuare verso l\u2019Ospedale San Carlo attraversando il rione Santa Maria e viceversa. I lavori di rifacimento del manto stradale di alcune vie del centro storico, hanno impedito, momentaneamente, di prevedere il passaggio della linea sull\u2019intera cinta muraria del capoluogo, imponendo, quindi, il capolinea nei pressi della piazza Azzar\u00e0. Dispiace \u2013 continuano Meccariello e Telesca \u2013 per\u00f2, che la linea del centro storico sia stata trattata, da chi ha governato il progetto unitario di rivisitazione del trasporto pubblico locale, quasi come un intruso e non come una linea con pari dignit\u00e0 delle altre. Eppure, l\u2019idea non \u00e8 nata in fase di approvazione del nuovo progetto di mobilit\u00e0, bens\u00ec, un anno e mezzo fa, con un emendamento all\u2019ormai vecchio TPL presentato in sede consiliare\u201d sempre da Meccariello e Telesca. \u201cTale trattamento ha comportato che la \u2018Linea 9\u2019, a differenza delle altre linee, per ora, vedr\u00e0 solo 6 corse negli orari 07 &#8211; 13 e 16 \u2013 20\u201d. Le richieste di Meccariello e Telesca, sostenute anche dalla maggioranza consiliare, erano volte a \u201cottenere maggiori corse durante la giornata, cos\u00ec da consentire, non solo alle persone anziane, ma anche a studenti e avventori di recarsi in centro, rendendo, cos\u00ec, un reale servizio all\u2019intera cittadinanza, specialmente in vista della prossima attivazione dei parcheggi a pagamento. \u201cAl momento \u2013 concludono i consiglieri Meccariello e Telesca \u2013 bisogna, comunque, apprezzare gli sforzi posti in essere, con l\u2019appoggio dell\u2019intera maggioranza consiliare, grazie ai quali si \u00e8 ottenuta la Linea urbana in parola, cercando, successivamente alla prima fase di sperimentazione dell\u2019intero piano trasporti, di migliorarla con l\u2019implementazione di ulteriori corse\u201d.<\/p>\n","protected":false},"excerpt":{"rendered":"<p>14.9.16-ore 9,45: \u201cL\u2019approvazione del nuovo programma di trasporti della citt\u00e0 di Potenza \u00e8 stata senza dubbio un\u2019importante tappa volta a ottenere il miglioramento della vivibilit\u00e0 &#8230; <\/p>\n","protected":false},"author":3,"featured_media":0,"comment_status":"closed","ping_status":"closed","sticky":false,"template":"single-sidebar.php","format":"standard","meta":{"footnotes":""},"categories":[384],"tags":[],"class_list":["post-17786","post","type-post","status-publish","format-standard","hentry","category-c243-comunicati-stampa-dei-consiglieri-243"],"_links":{"self":[{"href":"https:\/\/archivio.comune.potenza.it\/index.php?rest_route=\/wp\/v2\/posts\/17786"}],"collection":[{"href":"https:\/\/archivio.comune.potenza.it\/index.php?rest_route=\/wp\/v2\/posts"}],"about":[{"href":"https:\/\/archivio.comune.potenza.it\/index.php?rest_route=\/wp\/v2\/types\/post"}],"author":[{"embeddable":true,"href":"https:\/\/archivio.comune.potenza.it\/index.php?rest_route=\/wp\/v2\/users\/3"}],"replies":[{"embeddable":true,"href":"https:\/\/archivio.comune.potenza.it\/index.php?rest_route=%2Fwp%2Fv2%2Fcomments&post=17786"}],"version-history":[{"count":0,"href":"https:\/\/archivio.comune.potenza.it\/index.php?rest_route=\/wp\/v2\/posts\/17786\/revisions"}],"wp:attachment":[{"href":"https:\/\/archivio.comune.potenza.it\/index.php?rest_route=%2Fwp%2Fv2%2Fmedia&parent=17786"}],"wp:term":[{"taxonomy":"category","embeddable":true,"href":"https:\/\/archivio.comune.potenza.it\/index.php?rest_route=%2Fwp%2Fv2%2Fcategories&post=17786"},{"taxonomy":"post_tag","embeddable":true,"href":"https:\/\/archivio.comune.potenza.it\/index.php?rest_route=%2Fwp%2Fv2%2Ftags&post=17786"}],"curies":[{"name":"wp","href":"https:\/\/api.w.org\/{rel}","templated":true}]}}