{"id":17813,"date":"2016-09-15T11:53:06","date_gmt":"2016-09-15T09:53:06","guid":{"rendered":"http:\/\/archivio.comune.potenza.it\/?p=17813"},"modified":"2016-09-15T11:53:06","modified_gmt":"2016-09-15T09:53:06","slug":"utilizzo-campo-viviani-interviene-fanelli","status":"publish","type":"post","link":"https:\/\/archivio.comune.potenza.it\/?p=17813","title":{"rendered":"Utilizzo campo Viviani, interviene Fanelli"},"content":{"rendered":"<p>15.9.16-ore 11,50: Un utilizzo diverso e ampliato rispetto al passato dello stadio Viviani \u00e8 quello che propone il vicepresidente del Consiglio comunale Francesco Fanelli. \u201cE\u2019 bene che l\u2019Amministrazione e l\u2019assessore allo Sport, che hanno deliberato l\u2019importante intervento di riqualificazione dello stadio, per una spesa di 532.000 euro, con i lavori di ristrutturazione e manutenzione dello storico campo di calcio che presumibilmente termineranno entro met\u00e0 ottobre, comincino a ipotizzare un utilizzo differente rispetto a quanto fatto negli ultimi anni. Con la realizzazione del nuovo manto sintetico, infatti, \u2013 prosegue Fanelli \u2013 sarebbe opportuno consentire di svolgere le proprie attivit\u00e0 nell\u2019impianto anche alle societ\u00e0 di calcio delle categorie inferiori e alle scuole calcio della citt\u00e0. Il tutto attraverso una gestione diretta della struttura o affidata all\u2019esterno, dando in ogni caso, priorit\u00e0 assoluta alla prima squadra di calcio cittadina, ma consentendo che nelle ore nelle quali, il campo risultasse libero, altri possano utilizzarlo. Almeno due gli ordini di motivi affinch\u00e9 ci\u00f2 possa concretizzarsi: il primo \u00e8 che la scelta del manto sintetico \u00e8 stata dettata anche dalla volont\u00e0 di renderlo fruibile in maniera ininterrotta, cosa che ha comportato un investimento importante; secondo perch\u00e9 darebbe l\u2019opportunit\u00e0 a tanti di usufruire di quello spazio, contribuendo ad aumentare la diffusione della pratica sportiva e, contestualmente, a incrementare gli introiti per le casse comunali\u201d, conclude Fanelli.<\/p>\n","protected":false},"excerpt":{"rendered":"<p>15.9.16-ore 11,50: Un utilizzo diverso e ampliato rispetto al passato dello stadio Viviani \u00e8 quello che propone il vicepresidente del Consiglio comunale Francesco Fanelli. \u201cE\u2019 &#8230; <\/p>\n","protected":false},"author":3,"featured_media":0,"comment_status":"closed","ping_status":"closed","sticky":false,"template":"single-sidebar.php","format":"standard","meta":{"footnotes":""},"categories":[384],"tags":[],"class_list":["post-17813","post","type-post","status-publish","format-standard","hentry","category-c243-comunicati-stampa-dei-consiglieri-243"],"_links":{"self":[{"href":"https:\/\/archivio.comune.potenza.it\/index.php?rest_route=\/wp\/v2\/posts\/17813"}],"collection":[{"href":"https:\/\/archivio.comune.potenza.it\/index.php?rest_route=\/wp\/v2\/posts"}],"about":[{"href":"https:\/\/archivio.comune.potenza.it\/index.php?rest_route=\/wp\/v2\/types\/post"}],"author":[{"embeddable":true,"href":"https:\/\/archivio.comune.potenza.it\/index.php?rest_route=\/wp\/v2\/users\/3"}],"replies":[{"embeddable":true,"href":"https:\/\/archivio.comune.potenza.it\/index.php?rest_route=%2Fwp%2Fv2%2Fcomments&post=17813"}],"version-history":[{"count":0,"href":"https:\/\/archivio.comune.potenza.it\/index.php?rest_route=\/wp\/v2\/posts\/17813\/revisions"}],"wp:attachment":[{"href":"https:\/\/archivio.comune.potenza.it\/index.php?rest_route=%2Fwp%2Fv2%2Fmedia&parent=17813"}],"wp:term":[{"taxonomy":"category","embeddable":true,"href":"https:\/\/archivio.comune.potenza.it\/index.php?rest_route=%2Fwp%2Fv2%2Fcategories&post=17813"},{"taxonomy":"post_tag","embeddable":true,"href":"https:\/\/archivio.comune.potenza.it\/index.php?rest_route=%2Fwp%2Fv2%2Ftags&post=17813"}],"curies":[{"name":"wp","href":"https:\/\/api.w.org\/{rel}","templated":true}]}}