{"id":17815,"date":"2016-09-15T12:52:59","date_gmt":"2016-09-15T10:52:59","guid":{"rendered":"http:\/\/archivio.comune.potenza.it\/?p=17815"},"modified":"2016-09-15T12:52:59","modified_gmt":"2016-09-15T10:52:59","slug":"nota-gruppo-pd-replica-di-sileo","status":"publish","type":"post","link":"https:\/\/archivio.comune.potenza.it\/?p=17815","title":{"rendered":"Nota gruppo Pd, replica di Sileo"},"content":{"rendered":"<p>15.9.16-ore 12,45: Il contenuto della nota a firma di una parte del gruppo consiliare del Pd (Nardiello, Telesca e Blasi) e del presidente del Consiglio (Luigi Petrone)\u00a0esprime e conferma la situazione di caos e di incertezza nella quale vive non solo il gruppo consiliare ma anche il partito cittadino. Ho sempre chiesto \u2013 prosegue in un comunicato la consigliera del Pd Lucia Sileo \u2013 chiarezza e trasparenza in ogni atto politico e\u00a0amministrativo. Quello che accade nella nostra citt\u00e0 \u00e8 davvero poco comprensibile e giustamente la gente ci guarda con sospetto e ci percepisce non quale classe dirigente, ma come persone impegnate a cercare solo organigrammi, cariche e interessi personali. Da parte mia, ritengo doverose innanzitutto alcune precisazioni: sono arrivata a ricoprire il ruolo di consigliere comunale dopo anni di militanza e di servizio al mio Partito; ho contribuito alla nascita del Pd a Potenza e del Pd ho profonda conoscenza delle regole e delle tante anime in esso presenti. Essere minacciata di provvedimenti nei miei confronti, \u00a0per\u00a0 una presunta\u00a0mia condotta politica considerata lesiva e, aggiungerei, \u2018non allineata\u2019, sinceramente mi fa sorridere ma, al contempo, mi preoccupa molto. Le accuse \u00a0rivolte sono prive di qualsiasi fondamento. Tengo a precisare che in questi mesi non siamo\u00a0\u00a0mai stati chiamati a partecipare ad un gruppo consiliare del Pd, n\u00e9 a nessun incontro con il segretario cittadino Sarli per la discussione, nel merito, dei provvedimenti da votare in Consiglio comunale. \u00a0Denoto, inoltre, l\u2019assenza di luoghi di discussione collegiale e democratica, luoghi nei quali i rappresentanti in Consiglio comunale del pi\u00f9 grande partito cittadino, possano discutere apertamente, anche con idee diverse, sul \u2018come\u2019 e sul \u2018cosa\u2019 fare in merito ai tanti problemi presenti nella nostra Citt\u00e0. In questa situazione consiliare, estromessa dalle decisioni ed anche da richiesta di pareri, ho potuto decidere solo in base al mio mandato, alla mia esperienza e, non ultima, alla mia rettitudine morale. Vorrei ricordare ai miei colleghi che il principio dell\u2019autonomia e quello del rispetto del mandato elettorale e delle Istituzioni \u00e8 cosa ben diversa dalla responsabilit\u00e0 di partito. Principio che vale per me, a livello locale, come per esponenti parlamentari di minoranza, a livello nazionale, che in alcune occasioni, hanno votato contro le indicazioni del gruppo Pd del quale facevano parte. Attenzione a chiamare il partito in causa, quello che non pu\u00f2 accadere \u00e8 che si continui nell&#8217;equivoco e si utilizzi addirittura il partito stesso per propri fini e si cerchi di screditare persone perbene che hanno sempre dato al partito e alla comunit\u00e0 e che hanno il solo torto\u00a0di chiedere trasparenza, coerenza e confronto. Questo \u00e8 un tentativo mal riuscito di delegittimazione politica che mette in campo metodi di \u2018mobbing\u00a0 politico\u2019 per silenziare chi pensa o agisce in maniera difforme e soprattutto in maniera \u2018non gradita\u2019. Non si riesce proprio a comprendere quanto la diversit\u00e0 di vedute possa invece essere una risorsa se fosse \u2018gestita e coordinata\u2019 da chi ne occupa il ruolo di competenza. Solo un confronto interno scevro da ogni posizione pregiudiziale e da ogni attesa organigrammatica\u00a0 potr\u00e0 portarci a trovare unit\u00e0 e offrire alla citt\u00e0 un vero progetto di rinascita\u201d conclude Sileo.<\/p>\n","protected":false},"excerpt":{"rendered":"<p>15.9.16-ore 12,45: Il contenuto della nota a firma di una parte del gruppo consiliare del Pd (Nardiello, Telesca e Blasi) e del presidente del Consiglio &#8230; <\/p>\n","protected":false},"author":3,"featured_media":0,"comment_status":"closed","ping_status":"closed","sticky":false,"template":"single-sidebar.php","format":"standard","meta":{"footnotes":""},"categories":[384],"tags":[],"class_list":["post-17815","post","type-post","status-publish","format-standard","hentry","category-c243-comunicati-stampa-dei-consiglieri-243"],"_links":{"self":[{"href":"https:\/\/archivio.comune.potenza.it\/index.php?rest_route=\/wp\/v2\/posts\/17815"}],"collection":[{"href":"https:\/\/archivio.comune.potenza.it\/index.php?rest_route=\/wp\/v2\/posts"}],"about":[{"href":"https:\/\/archivio.comune.potenza.it\/index.php?rest_route=\/wp\/v2\/types\/post"}],"author":[{"embeddable":true,"href":"https:\/\/archivio.comune.potenza.it\/index.php?rest_route=\/wp\/v2\/users\/3"}],"replies":[{"embeddable":true,"href":"https:\/\/archivio.comune.potenza.it\/index.php?rest_route=%2Fwp%2Fv2%2Fcomments&post=17815"}],"version-history":[{"count":0,"href":"https:\/\/archivio.comune.potenza.it\/index.php?rest_route=\/wp\/v2\/posts\/17815\/revisions"}],"wp:attachment":[{"href":"https:\/\/archivio.comune.potenza.it\/index.php?rest_route=%2Fwp%2Fv2%2Fmedia&parent=17815"}],"wp:term":[{"taxonomy":"category","embeddable":true,"href":"https:\/\/archivio.comune.potenza.it\/index.php?rest_route=%2Fwp%2Fv2%2Fcategories&post=17815"},{"taxonomy":"post_tag","embeddable":true,"href":"https:\/\/archivio.comune.potenza.it\/index.php?rest_route=%2Fwp%2Fv2%2Ftags&post=17815"}],"curies":[{"name":"wp","href":"https:\/\/api.w.org\/{rel}","templated":true}]}}