{"id":18019,"date":"2016-09-23T18:15:48","date_gmt":"2016-09-23T16:15:48","guid":{"rendered":"http:\/\/archivio.comune.potenza.it\/?p=18019"},"modified":"2016-09-23T18:15:48","modified_gmt":"2016-09-23T16:15:48","slug":"situazione-politico-amministrativa-interviene-lovallo-2","status":"publish","type":"post","link":"https:\/\/archivio.comune.potenza.it\/?p=18019","title":{"rendered":"Situazione politico-amministrativa, interviene Lovallo"},"content":{"rendered":"<p>23.9.16-ore 17,20: \u201cVivo oggi come consigliere del Pd una situazione di caos e di incertezza, pi\u00f9 volte manifestata, che riguarda il gruppo consiliare, ma anche il partito cittadino. Ho sempre chiesto \u2013 prosegue in una nota il consigliere del Pd Nicola Lovallo \u2013 chiarezza e trasparenza in ogni atto politico e\u00a0amministrativo. L\u2019amarezza del comunicato emesso da alcuni consiglieri del mio partito, tra i quali ho scoperto con stupore anche il presidente del Consiglio, per il quale ho profuso grande impegno in fase di campagna elettorale, \u00e8 determinata principalmente da un atto di accusa nei miei confronti che non trova ragione di essere. Ho contribuito dalla prima ora alla nascita del partito che rappresentiamo in Consiglio comunale, mi sarei atteso convergenza rispetto al programma che avevamo condiviso alla vigilia della tornata elettorale e, invece, non solo non \u00e8 presente alcun riferimento a quel progetto, ma anzi, mi si accusa di non essere stato coerente col mandato affidatomi dai cittadini. Si arriva, addirittura, a indicarmi come rappresentante della minoranza consiliare, senza che a questo ruolo mi abbia relegato alcuna decisione democratica, n\u00e9 della direzione cittadina, n\u00e9 dell\u2019assemblea cittadina, n\u00e9 del gruppo consiliare. Quello che sta succedendo a Potenza \u00e8 davvero incomprensibile e giustamente la gente ci guarda con sospetto e ci vede non come classe dirigente, ma come persone impegnate a cercare solo organigrammi, cariche e interessi personali. Ultimo episodio emblematico la nomina a presidente della Quinta commissione, della quale sono componente, Gerardo Nardiello, nomina per la quale gli formulo i migliori auguri, anche essendo legati da stima e amicizia che va oltre il ruolo politico-istituzionale, nomina che per\u00f2 mi \u00e8 stata comunicata solo al momento della mia partecipazione alla prima seduta utile dell\u2019organo consiliare, dunque senza che fossi stato in minima parte avvisato del percorso intrapreso, n\u00e9 dal capogruppo n\u00e9 dalla segreteria cittadina. Esprimo l\u2019auspicio che, gi\u00e0 a cominciare dai prossimi incontri, sia dentro sia fuori il Palazzo del Consiglio, si possa tornare a parlare di politica vera, quella che la citt\u00e0 si aspetta, quella in grado di ascoltare i cittadini, per esempio sul Tpl, evitando, cos\u00ec come \u00e8 stato fatto, di escludere larga fetta della popolazione di zone rurali e quartieri, addirittura per il servizio scolastico degli istituti dell\u2019obbligo, dall\u2019Infanzia alla Secondaria di Primo grado. Penso anche a discussioni su temi legati all\u2019urbanistica (area artigianale e altro) Bucaletto, efficientamento energetico, con la pubblica illuminazione ridotta al \u2018lumicino\u2019 nelle contrade per il quale sarebbe opportuno un piano straordinario di intervento per garantire la sicurezza, piano di Protezione civile, con particolare riferimento al completamento dell\u2019area di ammassamento precedentemente individuata, viabilit\u00e0 rurale, completare i servizi essenziali sulle zone di campagna, quali acquedotto e fognatura, Agenda urbana, tutti temi sui quali il confronto oltre che utile, dovrebbe essere obbligatorio anche se cos\u00ec non \u00e8 stato. Il mio approccio continua a essere positivo e, malgrado tutto, credo che la tendenza negativa intrapresa possa essere invertita\u201d conclude Lovallo.<\/p>\n","protected":false},"excerpt":{"rendered":"<p>23.9.16-ore 17,20: \u201cVivo oggi come consigliere del Pd una situazione di caos e di incertezza, pi\u00f9 volte manifestata, che riguarda il gruppo consiliare, ma anche &#8230; <\/p>\n","protected":false},"author":3,"featured_media":0,"comment_status":"closed","ping_status":"closed","sticky":false,"template":"single-sidebar.php","format":"standard","meta":{"footnotes":""},"categories":[384],"tags":[],"class_list":["post-18019","post","type-post","status-publish","format-standard","hentry","category-c243-comunicati-stampa-dei-consiglieri-243"],"_links":{"self":[{"href":"https:\/\/archivio.comune.potenza.it\/index.php?rest_route=\/wp\/v2\/posts\/18019"}],"collection":[{"href":"https:\/\/archivio.comune.potenza.it\/index.php?rest_route=\/wp\/v2\/posts"}],"about":[{"href":"https:\/\/archivio.comune.potenza.it\/index.php?rest_route=\/wp\/v2\/types\/post"}],"author":[{"embeddable":true,"href":"https:\/\/archivio.comune.potenza.it\/index.php?rest_route=\/wp\/v2\/users\/3"}],"replies":[{"embeddable":true,"href":"https:\/\/archivio.comune.potenza.it\/index.php?rest_route=%2Fwp%2Fv2%2Fcomments&post=18019"}],"version-history":[{"count":0,"href":"https:\/\/archivio.comune.potenza.it\/index.php?rest_route=\/wp\/v2\/posts\/18019\/revisions"}],"wp:attachment":[{"href":"https:\/\/archivio.comune.potenza.it\/index.php?rest_route=%2Fwp%2Fv2%2Fmedia&parent=18019"}],"wp:term":[{"taxonomy":"category","embeddable":true,"href":"https:\/\/archivio.comune.potenza.it\/index.php?rest_route=%2Fwp%2Fv2%2Fcategories&post=18019"},{"taxonomy":"post_tag","embeddable":true,"href":"https:\/\/archivio.comune.potenza.it\/index.php?rest_route=%2Fwp%2Fv2%2Ftags&post=18019"}],"curies":[{"name":"wp","href":"https:\/\/api.w.org\/{rel}","templated":true}]}}