{"id":18074,"date":"2016-09-30T10:27:07","date_gmt":"2016-09-30T08:27:07","guid":{"rendered":"http:\/\/archivio.comune.potenza.it\/?p=18074"},"modified":"2016-09-30T11:24:30","modified_gmt":"2016-09-30T09:24:30","slug":"consiglio-comunale-30-settembre-resoconto-aggiornato-in-tempo-reale","status":"publish","type":"post","link":"https:\/\/archivio.comune.potenza.it\/?p=18074","title":{"rendered":"Consiglio comunale 30 settembre, resoconto giornalistico"},"content":{"rendered":"<p>30.9.16 \u2013 ore 10: Il Consiglio comunale si apre alle ore 10. Il segretario del Consiglio e consigliere di \u2018Potenza condivisa\u2019, Vincenzo Lofrano, in occasione della Giornata mondiale delle malattie cardiovascolari, spiega le caratteristiche di queste patologie e lo stile di vita necessario a prevenirle e limitarne gli effetti. Dopo l\u2019approvazione dei verbali della seduta precedente, il presidente Luigi Petrone cede la parola al presidente del Collegio dei Revisori dei Conti, Enrico Larocca che illustra la relazione dell\u2019Organo che \u00a0di revisione economico-finanziario riguardante le verifica dello stato di attuazione di prescrizione, attivit\u00e0 di monitoraggio relative a patto di stabilit\u00e0, spese del personale e altre voci che riguardano la situazione dell\u2019Ente. \u201cDall\u2019attivit\u00e0 di monitoraggio l\u2019attivit\u00e0 di riscossione risulta soddisfacente, essendo nei primi sei mesi dell\u2019anno, esattamente la met\u00e0 di quanto previsto per l\u2019intera annualit\u00e0\u201d sostiene Larocca. Accertamenti e riscossione delle entrate si trovano in una situazione di sostanziale normalit\u00e0. \u201cRispetto alle spese relative al personale la questione rientra nei parametri previsti, con le medie a fine 2014 raffrontate a quelle 2010 che segnano dati negativi, quindi rispettando le indicazioni ministeriali. Riguardo al tema parcheggi pubblici, bisogna porre particolare attenzione all\u2019individuazione di un gestore, constatato come risultano essere previsti un milione di entrate nel 2016 e 4 milioni di euro nel 2017. Sul capitolo delle entrate a carattere non ricorrente, il grosso importo che la Regione dovr\u00e0 stanziare giunger\u00e0 nel 2017. Il coinvolgimento delle unit\u00e0 di direzione in un\u2019attivit\u00e0 di stretto controllo, fondato su un monitoraggio trimestrale, \u00e8 tra le attivit\u00e0 prodromi che rispetto al monitoraggio, per mantenere alta l\u2019attenzione sulla materia. Gli uffici e l\u2019assessore ci hanno confermato di aver attivato la procedura, consentita dalla normativa vigente, attraverso la quale richiedere l\u2019uscita anticipata dalla procedura di dissesto\u201d. Si passa alla discussione della delibera riguardante la cessione non onerosa al demanio dello Stato \u2018ora per allora\u2019, del terreno strettamente funzionale alla realizzazione della casa circondariale di Potenza, localit\u00e0 Betlemme, spiegata dall\u2019assessore al Patrimonio, Luigi Vergari. Delibera approvata a maggioranza. Sempre l\u2019assessore Vergari, nella sua veste di assessore al Bilancio, espone i bilanci consolidati del gruppo Comune di Potenza relativamente agli anni 2014 e 2015, \u201cai quali si \u00e8 giunti grazie a uno sforzo notevole di tutti, a cominciare dagli uffici coinvolti, che hanno lavorato senza sosta e con grande professionalit\u00e0 per giungere alla definizione dei documenti odierni\u201d. Il consigliere di Fratelli d\u2019Italia, Alessandro Galella, presidente della Seconda Commissione, esordisce sottolineando \u201cin ogni caso le difficolt\u00e0 nel discutere i documenti giunti nell\u2019organo consiliare che presiedo solo marted\u00ec scorso, costringendoci a una serie di sedute straordinarie. In ogni caso si \u00e8 riusciti a rispettare il termine ultime del 30 settembre\u201d. Anche il capogruppo del gruppo \u2018Centro democratico\u2019, Pietro campagna, torna \u201csui tempi eccessivamente ristretti concessici, malgrado i salti mortali di un ufficio ridotto all\u2019osso, per quel che riguarda il personale. Nessuno ha obbligato questa Amministrazione a fare scelte cos\u00ec categoriche sul personale, come l\u2019operazione sul prepensionamento che ha, nei fatti, eliminato professionalit\u00e0 delle quali oggi si paga l\u2019assenza, salvo poi ricordare la carenza del personale, carenza non piovuta dall\u2019alto, ma che si \u00e8 scelto di determinare. L\u2019Acta pesa molto di pi\u00f9 per il Comune rispetto a quanto rappresenti Acquedotto Lucano, e per questo auspico che gi\u00e0 a partire dal prossimo Bilancio consolidato anche quello di Acta venga ricompreso). Il voto del Centro democratico sar\u00e0 contrario a entrambe le delibere\u201d. \u00a0Le delibere vengono approvate a maggioranza, con i voti contrari dei consiglieri Campagna, Flore, Fanelli, Galella, Cannizzaro, Guarente, Giannizzari, Lovallo, Carretta. Non essendo giunto in tempo utile il parere della Commissione competente in materia, la trattazione delle delibere relative alle istallazioni pubblicitarie viene aggiornata alla prossima seduta del Consiglio gi\u00e0 in programma il prossimo 5 ottobre. Si passa alle mozioni, prima quella illustrata dal consigliere Mario Guarente \u2018Liberiamo la citt\u00e0\u2019, \u201csfruttando finanziamenti europei, per far convergere sull\u2019area di Sellata proposte progettuali che coinvolgano, attraverso un tavolo tecnico, non solo il capoluogo di regione, ma anche i Comuni di Pignola, Abriola e Sasso di Castalda. Alla fine del suo intevento il consigliere chiede la verifica del numero legale, risultano presenti 13 consiglieri, l\u2019appello verr\u00e0 ripetuto dopo 15 minuti. Alle 11,26 alla ripetizione dell\u2019appello i consiglieri presenti sono 9 e la seduta viene dichiarata deserta.<\/p>\n","protected":false},"excerpt":{"rendered":"<p>30.9.16 \u2013 ore 10: Il Consiglio comunale si apre alle ore 10. Il segretario del Consiglio e consigliere di \u2018Potenza condivisa\u2019, Vincenzo Lofrano, in occasione &#8230; <\/p>\n","protected":false},"author":3,"featured_media":0,"comment_status":"closed","ping_status":"closed","sticky":false,"template":"single-sidebar.php","format":"standard","meta":{"footnotes":""},"categories":[384],"tags":[],"class_list":["post-18074","post","type-post","status-publish","format-standard","hentry","category-c243-comunicati-stampa-dei-consiglieri-243"],"_links":{"self":[{"href":"https:\/\/archivio.comune.potenza.it\/index.php?rest_route=\/wp\/v2\/posts\/18074"}],"collection":[{"href":"https:\/\/archivio.comune.potenza.it\/index.php?rest_route=\/wp\/v2\/posts"}],"about":[{"href":"https:\/\/archivio.comune.potenza.it\/index.php?rest_route=\/wp\/v2\/types\/post"}],"author":[{"embeddable":true,"href":"https:\/\/archivio.comune.potenza.it\/index.php?rest_route=\/wp\/v2\/users\/3"}],"replies":[{"embeddable":true,"href":"https:\/\/archivio.comune.potenza.it\/index.php?rest_route=%2Fwp%2Fv2%2Fcomments&post=18074"}],"version-history":[{"count":0,"href":"https:\/\/archivio.comune.potenza.it\/index.php?rest_route=\/wp\/v2\/posts\/18074\/revisions"}],"wp:attachment":[{"href":"https:\/\/archivio.comune.potenza.it\/index.php?rest_route=%2Fwp%2Fv2%2Fmedia&parent=18074"}],"wp:term":[{"taxonomy":"category","embeddable":true,"href":"https:\/\/archivio.comune.potenza.it\/index.php?rest_route=%2Fwp%2Fv2%2Fcategories&post=18074"},{"taxonomy":"post_tag","embeddable":true,"href":"https:\/\/archivio.comune.potenza.it\/index.php?rest_route=%2Fwp%2Fv2%2Ftags&post=18074"}],"curies":[{"name":"wp","href":"https:\/\/api.w.org\/{rel}","templated":true}]}}