{"id":18103,"date":"2016-10-03T10:32:20","date_gmt":"2016-10-03T08:32:20","guid":{"rendered":"http:\/\/archivio.comune.potenza.it\/?p=18103"},"modified":"2016-10-03T10:32:20","modified_gmt":"2016-10-03T08:32:20","slug":"rotatorie-poggio-tre-galli-interviene-giuzio","status":"publish","type":"post","link":"https:\/\/archivio.comune.potenza.it\/?p=18103","title":{"rendered":"Rotatorie Poggio Tre Galli, interviene Giuzio"},"content":{"rendered":"<p>3.10.16-ore 10,15: \u201cPotenza, Poggio Tre Galli e le sue rotatorie. L&#8217;annuncio su Facebook della proposizione di un&#8217;interrogazione urgente per comprendere lo stato dell&#8217;arte delle rotatorie che da tempo dovevano essere installate in prossimit\u00e0 della via Anzio del rione Poggio Tre Galli di Potenza ha suscitato non poche reazioni. Sui social \u2013 prosegue il capogruppo di Fratelli d\u2019Italia, Giuseppe Giuzio \u2013 si \u00e8 aperto un dibattito con commenti sarcastici da parte dei componenti della Giunta potentina a dimostrazione del nervosismo di un&#8217;amministrazione che ormai &#8211; \u00e8 palese a tutti &#8211; non \u00e8 pi\u00f9 in grado di portare avanti anche le cose pi\u00f9 semplici. C&#8217;\u00e8 un immobilismo spaventoso e ci\u00f2 che di buono era stato fatto nella prima parte della consiliatura sembra essersi perso nel nulla. Si vorrebbero dare soluzioni semplici a problemi complessi, tutto sembra arenato in attesa di chiss\u00e0 che cosa. Fortunatamente i lavori nel centro storico procedono a pieno regime, ma quelli erano stati approvati da un Consiglio pimpante e voglioso e da una giunta di tutt&#8217;altro spessore politico. In merito alle rotatorie anche su questo, c&#8217;\u00e8 da scommettere, ci sar\u00e0 ancora da aspettare\u201d conclude Giuzio.<\/p>\n","protected":false},"excerpt":{"rendered":"<p>3.10.16-ore 10,15: \u201cPotenza, Poggio Tre Galli e le sue rotatorie. L&#8217;annuncio su Facebook della proposizione di un&#8217;interrogazione urgente per comprendere lo stato dell&#8217;arte delle rotatorie &#8230; <\/p>\n","protected":false},"author":3,"featured_media":0,"comment_status":"closed","ping_status":"closed","sticky":false,"template":"single-sidebar.php","format":"standard","meta":{"footnotes":""},"categories":[384],"tags":[],"class_list":["post-18103","post","type-post","status-publish","format-standard","hentry","category-c243-comunicati-stampa-dei-consiglieri-243"],"_links":{"self":[{"href":"https:\/\/archivio.comune.potenza.it\/index.php?rest_route=\/wp\/v2\/posts\/18103"}],"collection":[{"href":"https:\/\/archivio.comune.potenza.it\/index.php?rest_route=\/wp\/v2\/posts"}],"about":[{"href":"https:\/\/archivio.comune.potenza.it\/index.php?rest_route=\/wp\/v2\/types\/post"}],"author":[{"embeddable":true,"href":"https:\/\/archivio.comune.potenza.it\/index.php?rest_route=\/wp\/v2\/users\/3"}],"replies":[{"embeddable":true,"href":"https:\/\/archivio.comune.potenza.it\/index.php?rest_route=%2Fwp%2Fv2%2Fcomments&post=18103"}],"version-history":[{"count":0,"href":"https:\/\/archivio.comune.potenza.it\/index.php?rest_route=\/wp\/v2\/posts\/18103\/revisions"}],"wp:attachment":[{"href":"https:\/\/archivio.comune.potenza.it\/index.php?rest_route=%2Fwp%2Fv2%2Fmedia&parent=18103"}],"wp:term":[{"taxonomy":"category","embeddable":true,"href":"https:\/\/archivio.comune.potenza.it\/index.php?rest_route=%2Fwp%2Fv2%2Fcategories&post=18103"},{"taxonomy":"post_tag","embeddable":true,"href":"https:\/\/archivio.comune.potenza.it\/index.php?rest_route=%2Fwp%2Fv2%2Ftags&post=18103"}],"curies":[{"name":"wp","href":"https:\/\/api.w.org\/{rel}","templated":true}]}}