{"id":18132,"date":"2016-10-04T11:49:33","date_gmt":"2016-10-04T09:49:33","guid":{"rendered":"http:\/\/archivio.comune.potenza.it\/?p=18132"},"modified":"2016-10-04T11:49:33","modified_gmt":"2016-10-04T09:49:33","slug":"telecamere-negli-asili-scuole-e-case-di-cura-mozione-di-fanelli","status":"publish","type":"post","link":"https:\/\/archivio.comune.potenza.it\/?p=18132","title":{"rendered":"Telecamere negli asili, scuole e case di cura, mozione di Fanelli"},"content":{"rendered":"<p>4.10.16-ore 11,40: Una mozione per chiedere\u00a0 \u201cdi avviare, o comunque sollecitare il progetto di installazione delle telecamere presso gli asili nido, scuole dell\u2019Infanzia pubbliche o paritarie, strutture socio assistenziali per anziani, persone con disabilit\u00e0 e minori in condizioni di disagio, pubbliche o convenzionate\u201d. E\u2019 quella attraverso la quale il vicepresidente del Consiglio comunale, Francesco Fanelli, ha inteso impegnare il Sindaco e la Giunta all\u2019indomani dei fatti di cronaca registratisi anche a Potenza. Con il medesimo documento Fanelli chiede che di \u201cdotarsi di un regolamento comunale per la videosorveglianza nelle strutture pi\u00f9 a rischio e intervenire nei confronti del Governo nazionale affinch\u00e9 sia adottata con urgenza una legge in materia. E\u2019 bene precisare \u2013 prosegue il consigliere \u2013 che nelle scuole, cos\u00ec come nelle altre strutture nelle quali si provvede ad assistere persone con difficolt\u00e0 di varia natura, lavorano ottimi professionisti, che offrono un servizio di qualit\u00e0 malgrado le condizioni nelle quali sono chiamati a operare non siano sempre delle migliori. E\u2019 tuttavia evidente che tra loro, possano nascondersi alcuni, per fortuna pochissimi, che con i loro comportamenti abietti e contro ogni normativa, anche morale, procurano danni alle persone, gettano discredito sulle strutture, fanno s\u00ec che anche i loro colleghi ligi al dovere vengano additati come persone pericolose nei confronti delle quali non nutrire alcuna fiducia. In quest\u2019ottica, a garanzia di chi frequenta questi luoghi cos\u00ec particolari, nei quali chi lavora deve farlo davvero per vocazione e non solo per lo stipendio, a garanzia anche della maggioranza che presta il proprio operato con dedizione e competenza, ritengo che dotare questi luoghi di telecamere possa rappresentare un sistema in grado di fornire sicurezza ai parenti di coloro che vivono buona parte della giornata in quei luoghi in qualit\u00e0 di utenti, e deterrente nei confronti di chi dovesse ritenersi al di sopra delle norme e di ogni forma di controllo. Il benessere dei minori, delle persone malate e degli anziani \u2013 conclude Fanelli \u2013 \u00e8 prioritario, pur rispettando la tutela della privacy\u201d.<\/p>\n","protected":false},"excerpt":{"rendered":"<p>4.10.16-ore 11,40: Una mozione per chiedere\u00a0 \u201cdi avviare, o comunque sollecitare il progetto di installazione delle telecamere presso gli asili nido, scuole dell\u2019Infanzia pubbliche o &#8230; <\/p>\n","protected":false},"author":3,"featured_media":0,"comment_status":"closed","ping_status":"closed","sticky":false,"template":"single-sidebar.php","format":"standard","meta":{"footnotes":""},"categories":[384],"tags":[],"class_list":["post-18132","post","type-post","status-publish","format-standard","hentry","category-c243-comunicati-stampa-dei-consiglieri-243"],"_links":{"self":[{"href":"https:\/\/archivio.comune.potenza.it\/index.php?rest_route=\/wp\/v2\/posts\/18132"}],"collection":[{"href":"https:\/\/archivio.comune.potenza.it\/index.php?rest_route=\/wp\/v2\/posts"}],"about":[{"href":"https:\/\/archivio.comune.potenza.it\/index.php?rest_route=\/wp\/v2\/types\/post"}],"author":[{"embeddable":true,"href":"https:\/\/archivio.comune.potenza.it\/index.php?rest_route=\/wp\/v2\/users\/3"}],"replies":[{"embeddable":true,"href":"https:\/\/archivio.comune.potenza.it\/index.php?rest_route=%2Fwp%2Fv2%2Fcomments&post=18132"}],"version-history":[{"count":0,"href":"https:\/\/archivio.comune.potenza.it\/index.php?rest_route=\/wp\/v2\/posts\/18132\/revisions"}],"wp:attachment":[{"href":"https:\/\/archivio.comune.potenza.it\/index.php?rest_route=%2Fwp%2Fv2%2Fmedia&parent=18132"}],"wp:term":[{"taxonomy":"category","embeddable":true,"href":"https:\/\/archivio.comune.potenza.it\/index.php?rest_route=%2Fwp%2Fv2%2Fcategories&post=18132"},{"taxonomy":"post_tag","embeddable":true,"href":"https:\/\/archivio.comune.potenza.it\/index.php?rest_route=%2Fwp%2Fv2%2Ftags&post=18132"}],"curies":[{"name":"wp","href":"https:\/\/api.w.org\/{rel}","templated":true}]}}