{"id":18191,"date":"2016-10-06T11:15:16","date_gmt":"2016-10-06T09:15:16","guid":{"rendered":"http:\/\/archivio.comune.potenza.it\/?p=18191"},"modified":"2016-10-06T11:15:16","modified_gmt":"2016-10-06T09:15:16","slug":"mobilita-delle-persone-con-disabilita-nota-di-meccariello","status":"publish","type":"post","link":"https:\/\/archivio.comune.potenza.it\/?p=18191","title":{"rendered":"Mobilit\u00e0 delle persone con disabilit\u00e0, nota di Meccariello"},"content":{"rendered":"<p>6.10.16-ore 11,05: \u201cBen ha fatto l\u2019assessore comunale alla Cultura Roberto Falotico a richiedere maggiori risorse per l\u2019assistenza alle persone con disabilit\u00e0; una battaglia di civilt\u00e0 che da sola non \u00e8 sufficiente: ci vuole una\u00a0 vera e propria rivoluzione culturale\u201d. Lo dichiara Gianluca Meccariello\u00a0 capogruppo\u00a0 di \u2018Insieme si cambia\u2019 al Comune di Potenza. \u201cLe risorse finanziarie sono importanti perch\u00e9, inutile negare, nessuna politica pubblica si pu\u00f2 attuare senza fondi. E, per evitare che anche i migliori propositi restino sulla carta \u2013 continua Meccariello \u2013 ci vuole per\u00f2 una rivoluzione culturale perch\u00e9 queste persone abbiano la possibilit\u00e0 di muoversi agevolmente nelle nostre strade e nelle strutture pubbliche e private. Sul tema, qualche giorno fa, la Rai ha trasmesso un servizio nel quale si evidenziava la difficolt\u00e0 che questi cittadini sono costretti ad affrontare, anche per problemi facilmente risolvibili, che spesso e troppo spesso non consideriamo, come la struttura in un marciapiede, che pu\u00f2 diventare purtroppo un ostacolo insormontabile. Devo evidenziare che da tempo il consigliere regionale Piero Lacorazza si sta battendo e prodigando per migliorare la qualit\u00e0 della vita delle persone con disabilit\u00e0. Oggi, e lo sottolineo, si riunir\u00e0 l&#8217;Osservatorio regionale per i diritti con le persone con disabilit\u00e0 proprio su richiesta di Piero Lacorazza. Ricordo che l&#8217;Osservatorio \u00e8 stato istituito con legge regionale di cui Lacorazza \u00e8 stato primo firmatario. Lo stesso consigliere regionale ha evidenziato che \u00e8 necessario, coordinare le scelte e gli strumenti messi a disposizione della regione. Per attuare per\u00f2 una buona politica sociale in questo settore, muovendo dal Decreto legislativo 112 del 1998, che all\u2019articolo 139 lettera C prevede che le Province e i Comuni, in relazione ai diversi gradi di scuole, garantiscano \u2018i servizi di supporto organizzativo del servizio di istruzione per gli alunni con handicap o in situazioni di svantaggio\u2019, obiettivo che necessita di adeguate risorse. Lacorazza \u00e8 stato promotore di un ordine del giorno\u00a0 approvato in Consiglio Regionale che non solo chiedeva di farsi carico del problema, ma individuava anche una proposta: le risorse, non tantissime, possono provenire dalla rimodulazione dell&#8217;ex card carburante. E faccio mie le sue parole: \u201c\u00e8\u00a0 anche questione di equit\u00e0 e di giustizia poich\u00e9 un disabile, non titolare di patente, negli anni scorsi non ha potuto beneficiare della card carburante\u201d.\u00a0 Anche il Comune di Potenza deve intervenire nella questione e chiedere un incontro con l&#8217;Osservatorio regionale per i diritti delle persone con disabilit\u00e0, cos\u00ec da mettere a punto una serie di azioni per reperire fondi, ma anche per affrontare e risolvere il dramma delle barriere architettoniche in un citt\u00e0 dalla struttura\u00a0 urbana di montagna, e secoli di costruzioni di epoche nelle quali tali tematiche non erano per nulla affrontate. Una citt\u00e0 senza barriere architettoniche per\u00f2 non deve essere la citt\u00e0 dell\u2019utopia, ma del presente \u2013 conclude Meccariello \u2013 e per ora iniziamo anche a riflettere sullo stesso trasporto urbano, compreso quello nel centro storico e sulla fermata al San Carlo di Potenza, sito nel quale non \u00e8 agevole accedere per chi ha difficolt\u00e0 di movimento\u201d.<\/p>\n","protected":false},"excerpt":{"rendered":"<p>6.10.16-ore 11,05: \u201cBen ha fatto l\u2019assessore comunale alla Cultura Roberto Falotico a richiedere maggiori risorse per l\u2019assistenza alle persone con disabilit\u00e0; una battaglia di civilt\u00e0 &#8230; <\/p>\n","protected":false},"author":3,"featured_media":0,"comment_status":"closed","ping_status":"closed","sticky":false,"template":"single-sidebar.php","format":"standard","meta":{"footnotes":""},"categories":[384],"tags":[],"class_list":["post-18191","post","type-post","status-publish","format-standard","hentry","category-c243-comunicati-stampa-dei-consiglieri-243"],"_links":{"self":[{"href":"https:\/\/archivio.comune.potenza.it\/index.php?rest_route=\/wp\/v2\/posts\/18191"}],"collection":[{"href":"https:\/\/archivio.comune.potenza.it\/index.php?rest_route=\/wp\/v2\/posts"}],"about":[{"href":"https:\/\/archivio.comune.potenza.it\/index.php?rest_route=\/wp\/v2\/types\/post"}],"author":[{"embeddable":true,"href":"https:\/\/archivio.comune.potenza.it\/index.php?rest_route=\/wp\/v2\/users\/3"}],"replies":[{"embeddable":true,"href":"https:\/\/archivio.comune.potenza.it\/index.php?rest_route=%2Fwp%2Fv2%2Fcomments&post=18191"}],"version-history":[{"count":0,"href":"https:\/\/archivio.comune.potenza.it\/index.php?rest_route=\/wp\/v2\/posts\/18191\/revisions"}],"wp:attachment":[{"href":"https:\/\/archivio.comune.potenza.it\/index.php?rest_route=%2Fwp%2Fv2%2Fmedia&parent=18191"}],"wp:term":[{"taxonomy":"category","embeddable":true,"href":"https:\/\/archivio.comune.potenza.it\/index.php?rest_route=%2Fwp%2Fv2%2Fcategories&post=18191"},{"taxonomy":"post_tag","embeddable":true,"href":"https:\/\/archivio.comune.potenza.it\/index.php?rest_route=%2Fwp%2Fv2%2Ftags&post=18191"}],"curies":[{"name":"wp","href":"https:\/\/api.w.org\/{rel}","templated":true}]}}