{"id":18203,"date":"2016-10-06T16:31:12","date_gmt":"2016-10-06T14:31:12","guid":{"rendered":"http:\/\/archivio.comune.potenza.it\/?p=18203"},"modified":"2016-10-06T16:31:12","modified_gmt":"2016-10-06T14:31:12","slug":"adozione-piano-regolatore-installazioni-pubblicitarie-nota-di-lofrano","status":"publish","type":"post","link":"https:\/\/archivio.comune.potenza.it\/?p=18203","title":{"rendered":"Adozione Piano regolatore installazioni pubblicitarie, nota di Lofrano"},"content":{"rendered":"<p>6.10.16-ore 16,20: \u201cL&#8217;approvazione delle modifiche al Regolamento per la pubblicit\u00e0 e l&#8217;adozione del PRIP (piano regolatore delle installazioni pubblicitarie), \u2013 dichiara il consigliere di \u2018Potenza Condivisa\u2019 Vincenzo Lofrano \u2013\u00a0 rappresentano una idonea risposta a svariate legittime aspettative. Quelle della collettivit\u00e0: non pi\u00f9 pubblicit\u00e0 selvaggia, rispetto per il decoro urbano, sicurezza stradale e incolumit\u00e0 dei cittadini per l&#8217;aderenza stringente dei deliberati alle regole del codice della strada. Sono salvaguardati gli interessi dell&#8217;Ente: dall&#8217;approvazione delle delibere e dalla messa a gara degli spazi pubblicitari si prevedono maggiori entrate che per il nostro Comune, in fase di rientro dal dissesto finanziario, non sono cosa trascurabile. Sono salvaguardati \u2013 continua Lofrano \u2013 gli interessi legittimi degli addetti ai lavori, e su questo ci si \u00e8 spesi, soprattutto, da parte della maggioranza, per cercare le soluzioni pi\u00f9 opportune per mantenere, sempre nei limiti del possibile e del consentito, i livelli occupazionali di quanti a vario titolo sono impegnati nell&#8217;attivit\u00e0 pubblicitaria. Valutazioni tecniche ufficiali hanno fatto propendere per la gara pubblica rispetto a un regime misto, gara a evidenza pubblica e regime concessorio-autorizzativo. Nell&#8217;ambito di una gara a evidenza pubblica inevitabilmente si innescheranno spinte da parte degli imprenditori locali ad aggregarsi per poter meglio competere e almeno mantenere gli attuali livelli occupazionali, che come amministratori responsabili vogliamo salvaguardare, nell&#8217;ambito di correttezza e trasparenza. Aggiungiamo \u2013 conclude il segretario dell&#8217;Ufficio di Presidenza \u2013 che questa Amministrazione, che si caratterizza per il fare, \u00e8 anche molto attenta agli aspetti umani e sociali dei provvedimenti adottati che, inquadrati in un contesto di trasparenza e legalit\u00e0, caratterizzano la buona politica\u201d.<\/p>\n","protected":false},"excerpt":{"rendered":"<p>6.10.16-ore 16,20: \u201cL&#8217;approvazione delle modifiche al Regolamento per la pubblicit\u00e0 e l&#8217;adozione del PRIP (piano regolatore delle installazioni pubblicitarie), \u2013 dichiara il consigliere di \u2018Potenza &#8230; <\/p>\n","protected":false},"author":3,"featured_media":0,"comment_status":"closed","ping_status":"closed","sticky":false,"template":"single-sidebar.php","format":"standard","meta":{"footnotes":""},"categories":[384],"tags":[],"class_list":["post-18203","post","type-post","status-publish","format-standard","hentry","category-c243-comunicati-stampa-dei-consiglieri-243"],"_links":{"self":[{"href":"https:\/\/archivio.comune.potenza.it\/index.php?rest_route=\/wp\/v2\/posts\/18203"}],"collection":[{"href":"https:\/\/archivio.comune.potenza.it\/index.php?rest_route=\/wp\/v2\/posts"}],"about":[{"href":"https:\/\/archivio.comune.potenza.it\/index.php?rest_route=\/wp\/v2\/types\/post"}],"author":[{"embeddable":true,"href":"https:\/\/archivio.comune.potenza.it\/index.php?rest_route=\/wp\/v2\/users\/3"}],"replies":[{"embeddable":true,"href":"https:\/\/archivio.comune.potenza.it\/index.php?rest_route=%2Fwp%2Fv2%2Fcomments&post=18203"}],"version-history":[{"count":0,"href":"https:\/\/archivio.comune.potenza.it\/index.php?rest_route=\/wp\/v2\/posts\/18203\/revisions"}],"wp:attachment":[{"href":"https:\/\/archivio.comune.potenza.it\/index.php?rest_route=%2Fwp%2Fv2%2Fmedia&parent=18203"}],"wp:term":[{"taxonomy":"category","embeddable":true,"href":"https:\/\/archivio.comune.potenza.it\/index.php?rest_route=%2Fwp%2Fv2%2Fcategories&post=18203"},{"taxonomy":"post_tag","embeddable":true,"href":"https:\/\/archivio.comune.potenza.it\/index.php?rest_route=%2Fwp%2Fv2%2Ftags&post=18203"}],"curies":[{"name":"wp","href":"https:\/\/api.w.org\/{rel}","templated":true}]}}