{"id":18413,"date":"2016-10-18T13:36:27","date_gmt":"2016-10-18T11:36:27","guid":{"rendered":"http:\/\/archivio.comune.potenza.it\/?p=18413"},"modified":"2016-10-18T13:36:43","modified_gmt":"2016-10-18T11:36:43","slug":"area-di-ammassamento-regionale-di-protezione-civile-nota-di-lovallo","status":"publish","type":"post","link":"https:\/\/archivio.comune.potenza.it\/?p=18413","title":{"rendered":"Area di ammassamento regionale di Protezione civile, nota di Lovallo"},"content":{"rendered":"<p>18.10.16-ore 13,30: \u201cIl drammatico terremoto dell\u2019agosto scorso ad Amatrice e le esigenze delle popolazioni nelle prime ore e nelle settimane successive, ripropongono con forza il tema del fondamentale ruolo della protezione civile, riferimento istituzionale irrinunciabile per il primo soccorso. La sua organizzazione \u00e8 fondamentale. Oggi, \u2013 prosegue il consigliere del Pd Nicola Lovallo \u2013 nel nostro territorio, apprezziamo lo sforzo gi\u00e0 messo in campo dal Dipartimento Regionale e la organizzazione del Comune di Potenza pi\u00f9 volte apprezzata per strumenti e capacit\u00e0 di risposte messa in campo da oltre un decennio, che non a caso ha portato nella nostra citt\u00e0 nel 2012 una esercitazione di respiro nazionale. Occorre oggi completare quel percorso con l\u2019area di ammassamento regionale che, come condiviso con la Regione Basilicata, \u00e8 stata individuata presso la localit\u00e0 Piani del Mattino di Potenza nella zona che era stata originariamente destinata all\u2019ex aeroporto, ritenuta ottimale per la sua centralit\u00e0 territoriale e per la prossimit\u00e0 a strutture strategiche quali l\u2019Ospedale San Carlo. Tale area \u00e8 stata gi\u00e0 oggetto di una specifica destinazione d\u2019uso urbanistica nello strumento di pianificazione comunale ed ora attende il definitivo finanziamento per essere realizzata. Si tratta di un\u2019opera di grande valore strategico per il nostro territorio che occorre accelerare nella sua esecuzione. I fondi dell\u2019Agenda Urbana, come gi\u00e0 evidenziato in pi\u00f9 occasioni nella competente commissione, rappresentano un\u2019opportunit\u00e0 da non perdere per realizzare tale opera\u201d conclude Lovallo.<\/p>\n","protected":false},"excerpt":{"rendered":"<p>18.10.16-ore 13,30: \u201cIl drammatico terremoto dell\u2019agosto scorso ad Amatrice e le esigenze delle popolazioni nelle prime ore e nelle settimane successive, ripropongono con forza il &#8230; <\/p>\n","protected":false},"author":3,"featured_media":0,"comment_status":"closed","ping_status":"closed","sticky":false,"template":"single-sidebar.php","format":"standard","meta":{"footnotes":""},"categories":[384],"tags":[],"class_list":["post-18413","post","type-post","status-publish","format-standard","hentry","category-c243-comunicati-stampa-dei-consiglieri-243"],"_links":{"self":[{"href":"https:\/\/archivio.comune.potenza.it\/index.php?rest_route=\/wp\/v2\/posts\/18413"}],"collection":[{"href":"https:\/\/archivio.comune.potenza.it\/index.php?rest_route=\/wp\/v2\/posts"}],"about":[{"href":"https:\/\/archivio.comune.potenza.it\/index.php?rest_route=\/wp\/v2\/types\/post"}],"author":[{"embeddable":true,"href":"https:\/\/archivio.comune.potenza.it\/index.php?rest_route=\/wp\/v2\/users\/3"}],"replies":[{"embeddable":true,"href":"https:\/\/archivio.comune.potenza.it\/index.php?rest_route=%2Fwp%2Fv2%2Fcomments&post=18413"}],"version-history":[{"count":0,"href":"https:\/\/archivio.comune.potenza.it\/index.php?rest_route=\/wp\/v2\/posts\/18413\/revisions"}],"wp:attachment":[{"href":"https:\/\/archivio.comune.potenza.it\/index.php?rest_route=%2Fwp%2Fv2%2Fmedia&parent=18413"}],"wp:term":[{"taxonomy":"category","embeddable":true,"href":"https:\/\/archivio.comune.potenza.it\/index.php?rest_route=%2Fwp%2Fv2%2Fcategories&post=18413"},{"taxonomy":"post_tag","embeddable":true,"href":"https:\/\/archivio.comune.potenza.it\/index.php?rest_route=%2Fwp%2Fv2%2Ftags&post=18413"}],"curies":[{"name":"wp","href":"https:\/\/api.w.org\/{rel}","templated":true}]}}