{"id":18455,"date":"2016-10-19T16:06:57","date_gmt":"2016-10-19T14:06:57","guid":{"rendered":"http:\/\/archivio.comune.potenza.it\/?p=18455"},"modified":"2016-10-19T16:06:57","modified_gmt":"2016-10-19T14:06:57","slug":"aree-di-sosta-a-pagamento-nota-di-guarente","status":"publish","type":"post","link":"https:\/\/archivio.comune.potenza.it\/?p=18455","title":{"rendered":"Aree di sosta a pagamento, nota di Guarente"},"content":{"rendered":"<p>19.10.16-ore 15,50: \u201cE&#8217; ancora vivido in me il ricordo di una delle prime azioni che l&#8217;esecutivo aveva la necessit\u00e0 di porre in essere all&#8217;indomani della dichiarazione di dissesto. Riecheggiano nella mia mente, infatti, \u2013 prosegue il consigliere Mario Guarente del gruppo \u2018Liberiamo la Citt\u00e0\u2019 \u2013 le parole pronunciate dal Collegio di revisione, dal Sindaco, dall&#8217;assessore al Bilancio e da tutti coloro che a vario titolo avevano un ruolo determinante nel piano di risanamento dell&#8217;Ente che palesavano la necessit\u00e0 di istituire, nel pi\u00f9 breve tempo possibile, le aree di sosta a pagamento nella citt\u00e0 di Potenza perch\u00e9 questa azione avrebbe rappresentato, senza ombra di dubbio, una boccata d&#8217;aria per le casse dell&#8217;Ente. Tutti, indistintamente, ritenemmo che era un&#8217;iniziativa che avremmo sostenuto in modo compatto anche perch\u00e9 era considerata una manna dal cielo per i tanti lavoratori, in passato addetti al controllo, che da tempo aspettavano di essere reintegrati. Oggi, da quel giorno, sono passati oltre due anni e delle aree di sosta a pagamento neppure l&#8217;ombra. In questo arco temporale c&#8217;\u00e8 stato solo un valzer di promesse nei confronti degli ausiliari che, quotidianamente e in modo estremamente sommesso, sono presenti nei pressi della sala presso cui si svolgono i lavori nell&#8217;attesa, estenuante, di ottenere notizie certe in relazione al futuro che li attende. Da consigliere ho serie difficolt\u00e0 a comprendere le cause che hanno determinato l&#8217;estremo ritardo nel ripristino delle aree di sosta a pagamento perch\u00e9, sia chiaro, le versioni che si susseguono sull&#8217;argomento sono le pi\u00f9 disparate: un giorno ci \u00e8 stato detto che non erano arrivate le macchinette erogatrici dei biglietti, un altro invece che vi erano difficolt\u00e0 rispetto all&#8217;eventuale inserimento dei lavoratori; un altro ancora che si stava pensando di allargare i confini delle aree di sosta delimitate dalle strisce blu. Mi auguro che nel pi\u00f9 breve tempo l&#8217;assessore al ramo trasformi in realt\u00e0 quelle che da anni, ormai, sono solo parole e che rappresenterebbero una speranza di ripresa sia per le vuote casse dell&#8217;Ente che per le tante famiglie dei lavoratori in attesa di essere reintegrati\u201d conclude Guarente.<\/p>\n","protected":false},"excerpt":{"rendered":"<p>19.10.16-ore 15,50: \u201cE&#8217; ancora vivido in me il ricordo di una delle prime azioni che l&#8217;esecutivo aveva la necessit\u00e0 di porre in essere all&#8217;indomani della &#8230; <\/p>\n","protected":false},"author":3,"featured_media":0,"comment_status":"closed","ping_status":"closed","sticky":false,"template":"single-sidebar.php","format":"standard","meta":{"footnotes":""},"categories":[384],"tags":[],"class_list":["post-18455","post","type-post","status-publish","format-standard","hentry","category-c243-comunicati-stampa-dei-consiglieri-243"],"_links":{"self":[{"href":"https:\/\/archivio.comune.potenza.it\/index.php?rest_route=\/wp\/v2\/posts\/18455"}],"collection":[{"href":"https:\/\/archivio.comune.potenza.it\/index.php?rest_route=\/wp\/v2\/posts"}],"about":[{"href":"https:\/\/archivio.comune.potenza.it\/index.php?rest_route=\/wp\/v2\/types\/post"}],"author":[{"embeddable":true,"href":"https:\/\/archivio.comune.potenza.it\/index.php?rest_route=\/wp\/v2\/users\/3"}],"replies":[{"embeddable":true,"href":"https:\/\/archivio.comune.potenza.it\/index.php?rest_route=%2Fwp%2Fv2%2Fcomments&post=18455"}],"version-history":[{"count":0,"href":"https:\/\/archivio.comune.potenza.it\/index.php?rest_route=\/wp\/v2\/posts\/18455\/revisions"}],"wp:attachment":[{"href":"https:\/\/archivio.comune.potenza.it\/index.php?rest_route=%2Fwp%2Fv2%2Fmedia&parent=18455"}],"wp:term":[{"taxonomy":"category","embeddable":true,"href":"https:\/\/archivio.comune.potenza.it\/index.php?rest_route=%2Fwp%2Fv2%2Fcategories&post=18455"},{"taxonomy":"post_tag","embeddable":true,"href":"https:\/\/archivio.comune.potenza.it\/index.php?rest_route=%2Fwp%2Fv2%2Ftags&post=18455"}],"curies":[{"name":"wp","href":"https:\/\/api.w.org\/{rel}","templated":true}]}}