{"id":18499,"date":"2016-10-22T11:44:17","date_gmt":"2016-10-22T09:44:17","guid":{"rendered":"http:\/\/archivio.comune.potenza.it\/?p=18499"},"modified":"2016-10-22T11:44:17","modified_gmt":"2016-10-22T09:44:17","slug":"bucaletto-intervengono-carretta-e-campagna","status":"publish","type":"post","link":"https:\/\/archivio.comune.potenza.it\/?p=18499","title":{"rendered":"Bucaletto, intervengono Carretta e Campagna"},"content":{"rendered":"<p>22.10.16-ore 11,35: \u201cA Bucaletto nei giorni scorsi si \u00e8 parlato di \u2018rigenerazione urbana\u2019, di un qualcosa da \u2018venire\u2019, di fondi cio\u00e8 che, nella migliore delle ipotesi saranno disponibili tra non meno di un anno. Incredibilmente \u2013 proseguono in una nota congiunta i consiglieri Gianpaolo Carretta Pd e Pietro Campagna Cd \u2013 non si parla di una programmazione che ha gi\u00e0 dato 200 alloggi, del Piano Nazionale Citt\u00e0 bloccato, di 45 alloggi pronti ed ereditati che non vengono assegnati, di un finanziamento di 8 milioni di euro lasciati in eredit\u00e0 a questa Amministrazione per realizzare edilizia sociale e che da due anni incredibilmente non vengono utilizzati, di circa 280 alloggi di edilizia convenzionata che non partono. Come non si parla di viabilit\u00e0, di parco urbano e di strutture sociali gi\u00e0 approvate dal ministero e abbandonate. La soluzione del problema Bucaletto era gi\u00e0 in fase avanzata, serviva solo completarla. Ogni ulteriore finanziamento va bene, soprattutto quelli destinati a liberare i prefabbricati, ma occorre raccontare le verit\u00e0 per intero, nascondere ritardi e inadempienze con annunci vari, non aiuta Bucaletto e non aiuta la citt\u00e0\u201d concludono Campagna e Carretta.<\/p>\n","protected":false},"excerpt":{"rendered":"<p>22.10.16-ore 11,35: \u201cA Bucaletto nei giorni scorsi si \u00e8 parlato di \u2018rigenerazione urbana\u2019, di un qualcosa da \u2018venire\u2019, di fondi cio\u00e8 che, nella migliore delle &#8230; <\/p>\n","protected":false},"author":3,"featured_media":0,"comment_status":"closed","ping_status":"closed","sticky":false,"template":"single-sidebar.php","format":"standard","meta":{"footnotes":""},"categories":[384],"tags":[],"class_list":["post-18499","post","type-post","status-publish","format-standard","hentry","category-c243-comunicati-stampa-dei-consiglieri-243"],"_links":{"self":[{"href":"https:\/\/archivio.comune.potenza.it\/index.php?rest_route=\/wp\/v2\/posts\/18499"}],"collection":[{"href":"https:\/\/archivio.comune.potenza.it\/index.php?rest_route=\/wp\/v2\/posts"}],"about":[{"href":"https:\/\/archivio.comune.potenza.it\/index.php?rest_route=\/wp\/v2\/types\/post"}],"author":[{"embeddable":true,"href":"https:\/\/archivio.comune.potenza.it\/index.php?rest_route=\/wp\/v2\/users\/3"}],"replies":[{"embeddable":true,"href":"https:\/\/archivio.comune.potenza.it\/index.php?rest_route=%2Fwp%2Fv2%2Fcomments&post=18499"}],"version-history":[{"count":0,"href":"https:\/\/archivio.comune.potenza.it\/index.php?rest_route=\/wp\/v2\/posts\/18499\/revisions"}],"wp:attachment":[{"href":"https:\/\/archivio.comune.potenza.it\/index.php?rest_route=%2Fwp%2Fv2%2Fmedia&parent=18499"}],"wp:term":[{"taxonomy":"category","embeddable":true,"href":"https:\/\/archivio.comune.potenza.it\/index.php?rest_route=%2Fwp%2Fv2%2Fcategories&post=18499"},{"taxonomy":"post_tag","embeddable":true,"href":"https:\/\/archivio.comune.potenza.it\/index.php?rest_route=%2Fwp%2Fv2%2Ftags&post=18499"}],"curies":[{"name":"wp","href":"https:\/\/api.w.org\/{rel}","templated":true}]}}