{"id":18828,"date":"2016-11-15T18:44:35","date_gmt":"2016-11-15T17:44:35","guid":{"rendered":"http:\/\/archivio.comune.potenza.it\/?p=18828"},"modified":"2016-11-15T18:44:35","modified_gmt":"2016-11-15T17:44:35","slug":"abbattimento-prefabbricati-bucaletto-nota-vigilante","status":"publish","type":"post","link":"https:\/\/archivio.comune.potenza.it\/?p=18828","title":{"rendered":"Abbattimento prefabbricati Bucaletto, nota Vigilante"},"content":{"rendered":"<p>15.11.16-ore 18,15: A quasi 4 mesi di distanza dalla mia interrogazione sui 314 mila euro per l\u2019abbattimento dei fabbricati di Bucaletto (quelli gi\u00e0 resi inagibili per evitare le occupazioni abusive &#8211; provvedimento adottato dopo le pressioni dei comitati di Bucaletto), e dopo le dichiarazioni del Sindaco che i lavori sarebbero iniziati a fine ottobre, ad oggi ancora nulla \u00e8 stato fatto\u201d. Lo sostiene il capogruppo di Lista civica Antonio Vigilante che aggiunge: \u201c\u00c8 bene ricordare che il denaro non manca: in data 9.2.2016, infatti, \u00e8 stato sottoscritto dal presidente della Regione Basilicata e dal sindaco di Potenza l\u2019&#8221;Atto aggiuntivo numero 2&#8243; all\u2019&#8221;Accordo di Programma per la realizzazione del Programma di Recupero Urbano di Bucaletto&#8221;. Con tale atto veniva concesso al Comune di Potenza di utilizzare le somme del finanziamento proprio per la demolizione dei prefabbricati, oltre che per la realizzazione dello svincolo ss. Basentana e la distribuzione viaria interna, secondo i seguenti importi: demolizione n. 31 prefabbricati 314.680,36 euro; realizzazione svincolo SS. Basentana e distribuzione viaria interna \u20ac 800.000,00. Considerato che gli 800 mila euro per lo svincolo sono stati dichiarati insufficienti, secondo quanto riferito dal Sindaco in Consiglio in occasione della mia interrogazione, ad oggi sono disponibili i 314 mila euro (certi, liquidi ed esigibili) per la demolizione dei prefabbricati insistenti nella zona D7, davvero non comprendiamo perch\u00e9 tale intervento non \u00e8 ancora stato iniziato. Bisogna considerare infatti che, l&#8217;aver reso i prefabbricati inagibili, \u00e8 un provvedimento utile (per evitare, come detto, le occupazioni abusive), ma ha reso i prefabbricati un facile ricovero per animali pericolosi e luogo di pratiche illegali. A dispetto delle rassicurazioni del Sindaco (4 Ottobre), resta l\u2019antico adagio che &#8220;tra il dire ed il fare c&#8217;\u00e8 di mezzo il mare&#8221;, ed \u00e8 proprio alto il mare in cui sembra barcamenarsi l\u2019amministrazione De Luca che, tra un colpo di remo a Pittella ed uno a Speranza, si preoccupa pi\u00f9 della sua sopravvivenza all&#8217;ombra del PD che di rendere risposte ai cittadini, anzi, con un gioco degno del miglior Pirlo, finta di corpo (promettendo a mezzo stampa faraonici progetti di recupero) e passa la delega della pianificazione urbanistica di Bucaletto a Pittella &#8211; spogliandone completamente il Comune! Proprio lui che aveva costituito un &#8220;assessorato a Bucaletto&#8221;!!! &#8211; con lo stratagemma del &#8220;commissario&#8221;. Il sindaco De Luca dimostra di non avere alcuna volont\u00e0 di affrontare i problemi storici della citt\u00e0, (si pensi all&#8217;incuria del verde pubblico, alla differenziata che non parte o al disastroso piano trasporti, per fare solo tre esempi); ci\u00f2 conferma le nostre perplessit\u00e0 sul suo progetto di giunta col PD, la cui unica funzione, finora, sembra essere la conservazione degli equilibri interni di quella borghesia, rapace e incapace, che da decenni amministra le risorse comunali a spese di tutti gli altri. Ad oggi, infine, non abbiamo ancora nessuna notizia dal Sindaco su altre due fondamentali questioni legate a Bucaletto: l&#8217;adeguamento dei fitti alle fasce ISEE e l&#8217;assegnazione in sanatoria dei prefabbricati prevista dalla legge. Sono questioni poste all&#8217;attenzione del Sindaco oltre un anno fa, tutte gravi e urgentissime, e sulle quali il Comune non \u00e8 stato ancora in grado di provvedere: ci\u00f2 \u00e8 semplicemente inaccettabile. Ci aspettiamo entro pochi giorni risposte finalmente chiare su tutti i gravissimi problemi sollevati, o saremo costretti ad alzare ancora di pi\u00f9 i toni dello scontro politico. La gente inizia a stancarsi di De Luca e dello stato di catalessi in cui ha fatto cadere la citt\u00e0 per mantenere la sua poltrona. La sala semivuota del suo ultimo &#8220;comizio&#8221; a Bucaletto (nonostante lo &#8220;special guest&#8221; Pittella&#8230;) dovrebbe essere per il Sindaco (e non solo per lui) il segnale, inequivocabile e preoccupante, che il tempo delle chiacchiere sta finendo. E non solo a Potenza\u201d conclude Vigilante.<\/p>\n","protected":false},"excerpt":{"rendered":"<p>15.11.16-ore 18,15: A quasi 4 mesi di distanza dalla mia interrogazione sui 314 mila euro per l\u2019abbattimento dei fabbricati di Bucaletto (quelli gi\u00e0 resi inagibili &#8230; <\/p>\n","protected":false},"author":3,"featured_media":0,"comment_status":"closed","ping_status":"closed","sticky":false,"template":"single-sidebar.php","format":"standard","meta":{"footnotes":""},"categories":[384],"tags":[],"class_list":["post-18828","post","type-post","status-publish","format-standard","hentry","category-c243-comunicati-stampa-dei-consiglieri-243"],"_links":{"self":[{"href":"https:\/\/archivio.comune.potenza.it\/index.php?rest_route=\/wp\/v2\/posts\/18828"}],"collection":[{"href":"https:\/\/archivio.comune.potenza.it\/index.php?rest_route=\/wp\/v2\/posts"}],"about":[{"href":"https:\/\/archivio.comune.potenza.it\/index.php?rest_route=\/wp\/v2\/types\/post"}],"author":[{"embeddable":true,"href":"https:\/\/archivio.comune.potenza.it\/index.php?rest_route=\/wp\/v2\/users\/3"}],"replies":[{"embeddable":true,"href":"https:\/\/archivio.comune.potenza.it\/index.php?rest_route=%2Fwp%2Fv2%2Fcomments&post=18828"}],"version-history":[{"count":0,"href":"https:\/\/archivio.comune.potenza.it\/index.php?rest_route=\/wp\/v2\/posts\/18828\/revisions"}],"wp:attachment":[{"href":"https:\/\/archivio.comune.potenza.it\/index.php?rest_route=%2Fwp%2Fv2%2Fmedia&parent=18828"}],"wp:term":[{"taxonomy":"category","embeddable":true,"href":"https:\/\/archivio.comune.potenza.it\/index.php?rest_route=%2Fwp%2Fv2%2Fcategories&post=18828"},{"taxonomy":"post_tag","embeddable":true,"href":"https:\/\/archivio.comune.potenza.it\/index.php?rest_route=%2Fwp%2Fv2%2Ftags&post=18828"}],"curies":[{"name":"wp","href":"https:\/\/api.w.org\/{rel}","templated":true}]}}