{"id":33834,"date":"2019-08-01T09:48:28","date_gmt":"2019-08-01T07:48:28","guid":{"rendered":"http:\/\/archivio.comune.potenza.it\/?p=33834"},"modified":"2019-08-01T10:25:27","modified_gmt":"2019-08-01T08:25:27","slug":"iniziative-e-programmi-nel-centro-storico-conferenza-stampa-2-2-2-3","status":"publish","type":"post","link":"https:\/\/archivio.comune.potenza.it\/?p=33834","title":{"rendered":"L&#8217;assessore Picerno incontra le associazioni"},"content":{"rendered":"\n<p> 30 luglio 2019,  ore 12.45 &#8211;   L\u2019assessore alle Politiche Sociali del Comune di Potenza, Fernando Picerno, incontrer\u00e0 le associazioni di e per persone con disabilit\u00e0 gioved\u00ec 1\u00b0 agosto alle ore 16,30 presso la sala riunioni  della Protezione civile ubicata in via N. Sauro.  L\u2019incontro ha lo scopo di condividere esperienze e azioni per avviare una proficua collaborazione tra il Comune e le associazioni.<\/p>\n","protected":false},"excerpt":{"rendered":"<p>30 luglio 2019, ore 12.45 &#8211; L\u2019assessore alle Politiche Sociali del Comune di Potenza, Fernando Picerno, incontrer\u00e0 le associazioni di e per persone con disabilit\u00e0 &#8230; <\/p>\n","protected":false},"author":2,"featured_media":0,"comment_status":"closed","ping_status":"closed","sticky":false,"template":"single-sidebar.php","format":"standard","meta":{"footnotes":""},"categories":[63],"tags":[],"class_list":["post-33834","post","type-post","status-publish","format-standard","hentry","category-news"],"_links":{"self":[{"href":"https:\/\/archivio.comune.potenza.it\/index.php?rest_route=\/wp\/v2\/posts\/33834"}],"collection":[{"href":"https:\/\/archivio.comune.potenza.it\/index.php?rest_route=\/wp\/v2\/posts"}],"about":[{"href":"https:\/\/archivio.comune.potenza.it\/index.php?rest_route=\/wp\/v2\/types\/post"}],"author":[{"embeddable":true,"href":"https:\/\/archivio.comune.potenza.it\/index.php?rest_route=\/wp\/v2\/users\/2"}],"replies":[{"embeddable":true,"href":"https:\/\/archivio.comune.potenza.it\/index.php?rest_route=%2Fwp%2Fv2%2Fcomments&post=33834"}],"version-history":[{"count":0,"href":"https:\/\/archivio.comune.potenza.it\/index.php?rest_route=\/wp\/v2\/posts\/33834\/revisions"}],"wp:attachment":[{"href":"https:\/\/archivio.comune.potenza.it\/index.php?rest_route=%2Fwp%2Fv2%2Fmedia&parent=33834"}],"wp:term":[{"taxonomy":"category","embeddable":true,"href":"https:\/\/archivio.comune.potenza.it\/index.php?rest_route=%2Fwp%2Fv2%2Fcategories&post=33834"},{"taxonomy":"post_tag","embeddable":true,"href":"https:\/\/archivio.comune.potenza.it\/index.php?rest_route=%2Fwp%2Fv2%2Ftags&post=33834"}],"curies":[{"name":"wp","href":"https:\/\/api.w.org\/{rel}","templated":true}]}}