{"id":34208,"date":"2019-08-11T10:24:30","date_gmt":"2019-08-11T08:24:30","guid":{"rendered":"http:\/\/archivio.comune.potenza.it\/?p=34208"},"modified":"2019-08-11T10:24:31","modified_gmt":"2019-08-11T08:24:31","slug":"degrado-a-potenza-lassessore-galella-chiede-la-collaborazione-di-tutti-i-cittadini-per-rendere-la-citta-piu-bella","status":"publish","type":"post","link":"https:\/\/archivio.comune.potenza.it\/?p=34208","title":{"rendered":"Degrado a Potenza, l&#8217;assessore Galella chiede la collaborazione di tutti i cittadini per rendere la citt\u00e0 pi\u00f9 bella"},"content":{"rendered":"\n<p>11.8.2019 &#8211; ore 10,20: \u201cChe ogni potentino si prenda cura del suo balcone, del suo giardino, della ringhiera arrugginita della propria azienda\u201d, questo l&#8217;invito rivolto alla cittadinanza dall&#8217;assessore all&#8217;Ambiente e al Turismo Alessandro Galella. \u201cIl Comune \u2013 prosegue l&#8217;assessore \u2013 sta cercando di dare il buon esempio, come \u00e8 giusto che sia, ai propri cittadini ma, per restituire splendore alla citt\u00e0 \u00e8 ora necessario che ogni abitante, associazione e azienda fornisca il proprio contributo al recupero del decoro e della bellezza. Se ci mettiamo tutti a lavoro, la citt\u00e0 tutta, in poco tempo, potrebbe recuperare il suo splendore, rendendo migliore la vita di ognuno di noi.<br>Per questo chiedo la collaborazione di tutti quelli che in citt\u00e0 hanno a cuore il decoro; esistono tante zone cadute nel degrado, ringhiere arrugginite, giardini abbandonati, palazzi privati in abbandono, alberi mai potati, oltre a tanti piccoli giardini nelle adiacenze dei condomini. Se ognuno si fa carico di provare a contribuire a eliminare il degrado in una piccola parte del territorio cittadino nel quale vive, lavora o dove giocano i propri figli, la citt\u00e0 cambier\u00e0 subito volto. La citt\u00e0 non \u00e8 altro che casa nostra, il luogo dove passiamo il nostro tempo, viviamo le nostre esperienze, renderla bella vuol dire rendere bella la vita di tutti noi. Allora non perdiamo altro tempo, rimbocchiamoci tutti le maniche\u201d conclude Galella.<\/p>\n","protected":false},"excerpt":{"rendered":"<p>11.8.2019 &#8211; ore 10,20: \u201cChe ogni potentino si prenda cura del suo balcone, del suo giardino, della ringhiera arrugginita della propria azienda\u201d, questo l&#8217;invito rivolto &#8230; <\/p>\n","protected":false},"author":3,"featured_media":0,"comment_status":"closed","ping_status":"closed","sticky":false,"template":"single-sidebar.php","format":"standard","meta":{"footnotes":""},"categories":[63],"tags":[],"class_list":["post-34208","post","type-post","status-publish","format-standard","hentry","category-news"],"_links":{"self":[{"href":"https:\/\/archivio.comune.potenza.it\/index.php?rest_route=\/wp\/v2\/posts\/34208"}],"collection":[{"href":"https:\/\/archivio.comune.potenza.it\/index.php?rest_route=\/wp\/v2\/posts"}],"about":[{"href":"https:\/\/archivio.comune.potenza.it\/index.php?rest_route=\/wp\/v2\/types\/post"}],"author":[{"embeddable":true,"href":"https:\/\/archivio.comune.potenza.it\/index.php?rest_route=\/wp\/v2\/users\/3"}],"replies":[{"embeddable":true,"href":"https:\/\/archivio.comune.potenza.it\/index.php?rest_route=%2Fwp%2Fv2%2Fcomments&post=34208"}],"version-history":[{"count":0,"href":"https:\/\/archivio.comune.potenza.it\/index.php?rest_route=\/wp\/v2\/posts\/34208\/revisions"}],"wp:attachment":[{"href":"https:\/\/archivio.comune.potenza.it\/index.php?rest_route=%2Fwp%2Fv2%2Fmedia&parent=34208"}],"wp:term":[{"taxonomy":"category","embeddable":true,"href":"https:\/\/archivio.comune.potenza.it\/index.php?rest_route=%2Fwp%2Fv2%2Fcategories&post=34208"},{"taxonomy":"post_tag","embeddable":true,"href":"https:\/\/archivio.comune.potenza.it\/index.php?rest_route=%2Fwp%2Fv2%2Ftags&post=34208"}],"curies":[{"name":"wp","href":"https:\/\/api.w.org\/{rel}","templated":true}]}}