{"id":34613,"date":"2019-09-10T12:23:48","date_gmt":"2019-09-10T10:23:48","guid":{"rendered":"http:\/\/archivio.comune.potenza.it\/?p=34613"},"modified":"2019-09-10T12:23:49","modified_gmt":"2019-09-10T10:23:49","slug":"locandina-potenza-calcio-censura-fuori-luogo-per-lassessore-padula","status":"publish","type":"post","link":"https:\/\/archivio.comune.potenza.it\/?p=34613","title":{"rendered":"Locandina \u2018Potenza Calcio\u2019, censura fuori luogo per l\u2019assessore Padula"},"content":{"rendered":"\n<figure class=\"wp-block-image\"><img loading=\"lazy\" decoding=\"async\" width=\"600\" height=\"607\" src=\"https:\/\/archivio.comune.potenza.it\/wp-content\/uploads\/2019\/09\/padula.jpg\" alt=\"\" class=\"wp-image-34615\" srcset=\"https:\/\/archivio.comune.potenza.it\/wp-content\/uploads\/2019\/09\/padula.jpg 600w, https:\/\/archivio.comune.potenza.it\/wp-content\/uploads\/2019\/09\/padula-297x300.jpg 297w\" sizes=\"(max-width: 600px) 100vw, 600px\" \/><\/figure>\n\n\n\n<p>10.09.19 &#8211; ore 12,10: \u201cQuando leggo che chi dovrebbe difendere le Pari opportunit\u00e0 tra uomini e donne si preoccupa di far cambiare una locandina, sulla quale appare una presentatrice in gonna, mi torna alla mente chi sosteneva che l\u2019abbigliamento di una donna potesse essere causa di una violenza subita. E\u2019 chiaro \u2013 prosegue l\u2019assessore alla Pari opportunit\u00e0 Marika Padula \u2013 che un tale atteggiamento vada contro ogni pi\u00f9 elementare norma di buon senso e, anzi, avalli tutta una serie di comportamenti che, invece di opporsi ad ancestrali stereotipi, li fomenta e, in qualche misura, se ne rende complice, per esempio attraverso la diffusione di un post sui social che presta il fianco ai \u2018leoni da tastiera\u2019. Ma la cosa, se possibile, ancora pi\u00f9 grave, \u00e8 che il regime di censura sia stato imposto attraverso comportamenti tesi a limitare l\u2019altrui libert\u00e0, arrivando a decidere cosa sia lecito pubblicare e cosa non lo sia, esclusivamente sulla base di un proprio giudizio, meglio, pregiudizio. Ricordo a tutti, e in primis a me stessa, che la schiavit\u00f9 della donna-oggetto trova in realt\u00e0, in chi nega la possibilit\u00e0 di mostrarsi per quello che si \u00e8, con decenza e correttezza, anche a livello estetico, una criticit\u00e0 di non facile soluzione. Dobbiamo noi per prime rinunciare a giudicare ed essere giudicate per quello che mostriamo, ma imparare a dimostrare quello che siamo, anche attraverso l\u2019aspetto fisico che, se non esibito in maniera indecorosa, e non era certamente il caso della locandina che pubblicizzava l\u2019evento del \u2018Potenza Calcio\u2019, completa una figura, quella della donna, che dell\u2019avvenenza fa una parte importante del suo essere e non un aspetto da nascondere o del quale vergognarsi. Ecco, io provo vergogna per chi con atteggiamenti censori imponga i propri modelli ad altri e mi auguro che la nostra citt\u00e0 non si lasci vessare , ma difenda i propri valori e la propria libert\u00e0 nei confronti di chiunque\u201d conclude l\u2019assessore Padula.<\/p>\n","protected":false},"excerpt":{"rendered":"<p>10.09.19 &#8211; ore 12,10: \u201cQuando leggo che chi dovrebbe difendere le Pari opportunit\u00e0 tra uomini e donne si preoccupa di far cambiare una locandina, sulla &#8230; <\/p>\n","protected":false},"author":3,"featured_media":0,"comment_status":"closed","ping_status":"closed","sticky":false,"template":"single-sidebar.php","format":"standard","meta":{"footnotes":""},"categories":[63],"tags":[],"class_list":["post-34613","post","type-post","status-publish","format-standard","hentry","category-news"],"_links":{"self":[{"href":"https:\/\/archivio.comune.potenza.it\/index.php?rest_route=\/wp\/v2\/posts\/34613"}],"collection":[{"href":"https:\/\/archivio.comune.potenza.it\/index.php?rest_route=\/wp\/v2\/posts"}],"about":[{"href":"https:\/\/archivio.comune.potenza.it\/index.php?rest_route=\/wp\/v2\/types\/post"}],"author":[{"embeddable":true,"href":"https:\/\/archivio.comune.potenza.it\/index.php?rest_route=\/wp\/v2\/users\/3"}],"replies":[{"embeddable":true,"href":"https:\/\/archivio.comune.potenza.it\/index.php?rest_route=%2Fwp%2Fv2%2Fcomments&post=34613"}],"version-history":[{"count":0,"href":"https:\/\/archivio.comune.potenza.it\/index.php?rest_route=\/wp\/v2\/posts\/34613\/revisions"}],"wp:attachment":[{"href":"https:\/\/archivio.comune.potenza.it\/index.php?rest_route=%2Fwp%2Fv2%2Fmedia&parent=34613"}],"wp:term":[{"taxonomy":"category","embeddable":true,"href":"https:\/\/archivio.comune.potenza.it\/index.php?rest_route=%2Fwp%2Fv2%2Fcategories&post=34613"},{"taxonomy":"post_tag","embeddable":true,"href":"https:\/\/archivio.comune.potenza.it\/index.php?rest_route=%2Fwp%2Fv2%2Ftags&post=34613"}],"curies":[{"name":"wp","href":"https:\/\/api.w.org\/{rel}","templated":true}]}}