{"id":34773,"date":"2019-09-17T09:07:48","date_gmt":"2019-09-17T07:07:48","guid":{"rendered":"http:\/\/archivio.comune.potenza.it\/?p=34773"},"modified":"2019-09-17T09:14:42","modified_gmt":"2019-09-17T07:14:42","slug":"sospensione-idrica-il-16-settembre-in-via-fonte-ceciliana-2","status":"publish","type":"post","link":"https:\/\/archivio.comune.potenza.it\/?p=34773","title":{"rendered":"Pretoria Music happening, l&#8217;assessore D&#8217;Ottavio ringrazia il conservatorio"},"content":{"rendered":"\n<p>17.9.2019 &#8211; ore 8,45: \u201cUn grande e sentito ringraziamento al Conservatorio di Potenza &#8216;Carlo Gesualdo da Venosa&#8217;, al suo direttore Felice Cavaliere, e a quanti renderanno magica la serata di mercoled\u00ec 18 settembre con il Pretoria Music Happening&#8217;. Con il loro talento, studenti e docenti faranno del nostro centro storico un luogo nel quale ascoltare ottima musica e apprezzare performance di indubbia qualit\u00e0. Prosegue una collaborazione tra Comune e Conservatorio, che va consolidandosi \u2013 continua l&#8217;assessore alla Cultura, al Centro storico e alle Attivit\u00e0 produttive Stefania D&#8217;Ottavio, &#8211; e che, gi\u00e0 conta diverse iniziative che hanno riscontrato successo per quanto attiene alla critica e ai numeri delle presenze. Invito tutti i potentini e quanti vorranno godere momenti di piacevole ascolto musicale nella parte antica del capoluogo di regione, a non mancare all&#8217;appuntamento, anche per riscoprire una citt\u00e0 che attraverso le note potr\u00e0 mostrare un volto nuovo a chi sapr\u00e0 guardarla con l&#8217;attenzione che merita\u201d conclude la D&#8217;Ottavio.<\/p>\n","protected":false},"excerpt":{"rendered":"<p>17.9.2019 &#8211; ore 8,45: \u201cUn grande e sentito ringraziamento al Conservatorio di Potenza &#8216;Carlo Gesualdo da Venosa&#8217;, al suo direttore Felice Cavaliere, e a quanti &#8230; <\/p>\n","protected":false},"author":2,"featured_media":0,"comment_status":"closed","ping_status":"closed","sticky":false,"template":"single-sidebar.php","format":"standard","meta":{"footnotes":""},"categories":[63],"tags":[],"class_list":["post-34773","post","type-post","status-publish","format-standard","hentry","category-news"],"_links":{"self":[{"href":"https:\/\/archivio.comune.potenza.it\/index.php?rest_route=\/wp\/v2\/posts\/34773"}],"collection":[{"href":"https:\/\/archivio.comune.potenza.it\/index.php?rest_route=\/wp\/v2\/posts"}],"about":[{"href":"https:\/\/archivio.comune.potenza.it\/index.php?rest_route=\/wp\/v2\/types\/post"}],"author":[{"embeddable":true,"href":"https:\/\/archivio.comune.potenza.it\/index.php?rest_route=\/wp\/v2\/users\/2"}],"replies":[{"embeddable":true,"href":"https:\/\/archivio.comune.potenza.it\/index.php?rest_route=%2Fwp%2Fv2%2Fcomments&post=34773"}],"version-history":[{"count":0,"href":"https:\/\/archivio.comune.potenza.it\/index.php?rest_route=\/wp\/v2\/posts\/34773\/revisions"}],"wp:attachment":[{"href":"https:\/\/archivio.comune.potenza.it\/index.php?rest_route=%2Fwp%2Fv2%2Fmedia&parent=34773"}],"wp:term":[{"taxonomy":"category","embeddable":true,"href":"https:\/\/archivio.comune.potenza.it\/index.php?rest_route=%2Fwp%2Fv2%2Fcategories&post=34773"},{"taxonomy":"post_tag","embeddable":true,"href":"https:\/\/archivio.comune.potenza.it\/index.php?rest_route=%2Fwp%2Fv2%2Ftags&post=34773"}],"curies":[{"name":"wp","href":"https:\/\/api.w.org\/{rel}","templated":true}]}}