{"id":34867,"date":"2019-09-19T15:41:46","date_gmt":"2019-09-19T13:41:46","guid":{"rendered":"http:\/\/archivio.comune.potenza.it\/?p=34867"},"modified":"2019-09-19T15:41:47","modified_gmt":"2019-09-19T13:41:47","slug":"incendio-autobus-del-servizio-di-trasporto-pubblico-urbano-interviene-il-sindaco","status":"publish","type":"post","link":"https:\/\/archivio.comune.potenza.it\/?p=34867","title":{"rendered":"Incendio autobus del servizio di Trasporto pubblico urbano, interviene il Sindaco"},"content":{"rendered":"\n<p>19.09.19 &#8211; ore 15,40: \u201cChieder\u00f2 immediatamente alla ditta Trotta, che gestisce il Trasporto pubblico urbano a Potenza di fornirmi un report dettagliato su ogni singolo loro veicolo circolante in citt\u00e0\u201d, cos\u00ec il Sindaco di Potenza Mario Guarente, che ha anche la delega ai Trasporti, interviene a poche ore dall\u2019incendio sviluppatosi su un autobus che svolge il servizio urbano. \u201cProceder\u00f2, attraverso un\u2019indagine approfondita che far\u00f2 condurre agli uffici comunali, alla verifica puntuale dell\u2019intero parco mezzi perch\u00e9, prima delle caratteristiche tecniche e di ogni altra giustificazione, risulta prioritaria la sicurezza dei nostri cittadini. Si tratta del secondo episodio del genere, aspetto che non pu\u00f2 e non deve essere sottovalutato, ma che anzi deve far s\u00ec che, ciascuno per le proprie competenze e responsabilit\u00e0, si attivi al fine di scongiurare ogni altra eventuale situazione di pericolo, cos\u00ec da garantire, a quanti usufruiscono del servizio di trasporto pubblico, di viaggiare in completa sicurezza e tranquillit\u00e0\u201d conclude Guarente.<\/p>\n","protected":false},"excerpt":{"rendered":"<p>19.09.19 &#8211; ore 15,40: \u201cChieder\u00f2 immediatamente alla ditta Trotta, che gestisce il Trasporto pubblico urbano a Potenza di fornirmi un report dettagliato su ogni singolo &#8230; <\/p>\n","protected":false},"author":3,"featured_media":0,"comment_status":"closed","ping_status":"closed","sticky":false,"template":"single-sidebar.php","format":"standard","meta":{"footnotes":""},"categories":[63],"tags":[],"class_list":["post-34867","post","type-post","status-publish","format-standard","hentry","category-news"],"_links":{"self":[{"href":"https:\/\/archivio.comune.potenza.it\/index.php?rest_route=\/wp\/v2\/posts\/34867"}],"collection":[{"href":"https:\/\/archivio.comune.potenza.it\/index.php?rest_route=\/wp\/v2\/posts"}],"about":[{"href":"https:\/\/archivio.comune.potenza.it\/index.php?rest_route=\/wp\/v2\/types\/post"}],"author":[{"embeddable":true,"href":"https:\/\/archivio.comune.potenza.it\/index.php?rest_route=\/wp\/v2\/users\/3"}],"replies":[{"embeddable":true,"href":"https:\/\/archivio.comune.potenza.it\/index.php?rest_route=%2Fwp%2Fv2%2Fcomments&post=34867"}],"version-history":[{"count":0,"href":"https:\/\/archivio.comune.potenza.it\/index.php?rest_route=\/wp\/v2\/posts\/34867\/revisions"}],"wp:attachment":[{"href":"https:\/\/archivio.comune.potenza.it\/index.php?rest_route=%2Fwp%2Fv2%2Fmedia&parent=34867"}],"wp:term":[{"taxonomy":"category","embeddable":true,"href":"https:\/\/archivio.comune.potenza.it\/index.php?rest_route=%2Fwp%2Fv2%2Fcategories&post=34867"},{"taxonomy":"post_tag","embeddable":true,"href":"https:\/\/archivio.comune.potenza.it\/index.php?rest_route=%2Fwp%2Fv2%2Ftags&post=34867"}],"curies":[{"name":"wp","href":"https:\/\/api.w.org\/{rel}","templated":true}]}}