{"id":34945,"date":"2019-09-26T19:02:59","date_gmt":"2019-09-26T17:02:59","guid":{"rendered":"http:\/\/archivio.comune.potenza.it\/?p=34945"},"modified":"2019-09-26T19:02:59","modified_gmt":"2019-09-26T17:02:59","slug":"lassessore-picerno-presente-allo-smac-day","status":"publish","type":"post","link":"https:\/\/archivio.comune.potenza.it\/?p=34945","title":{"rendered":"L&#8217;assessore Picerno presente allo Smac Day"},"content":{"rendered":"\n<figure class=\"wp-block-image\"><img loading=\"lazy\" decoding=\"async\" width=\"1024\" height=\"814\" src=\"https:\/\/archivio.comune.potenza.it\/wp-content\/uploads\/2019\/09\/Picerno-smac-day-1024x814.jpg\" alt=\"\" class=\"wp-image-34946\" srcset=\"https:\/\/archivio.comune.potenza.it\/wp-content\/uploads\/2019\/09\/Picerno-smac-day-1024x814.jpg 1024w, https:\/\/archivio.comune.potenza.it\/wp-content\/uploads\/2019\/09\/Picerno-smac-day-300x239.jpg 300w, https:\/\/archivio.comune.potenza.it\/wp-content\/uploads\/2019\/09\/Picerno-smac-day-768x611.jpg 768w, https:\/\/archivio.comune.potenza.it\/wp-content\/uploads\/2019\/09\/Picerno-smac-day-1080x859.jpg 1080w, https:\/\/archivio.comune.potenza.it\/wp-content\/uploads\/2019\/09\/Picerno-smac-day-980x779.jpg 980w, https:\/\/archivio.comune.potenza.it\/wp-content\/uploads\/2019\/09\/Picerno-smac-day-480x382.jpg 480w, https:\/\/archivio.comune.potenza.it\/wp-content\/uploads\/2019\/09\/Picerno-smac-day.jpg 1132w\" sizes=\"(max-width: 1024px) 100vw, 1024px\" \/><\/figure>\n\n\n\n<p>26.09.19 &#8211; ore 19: Ha accolto con entusiasmo l\u2019invito a partecipare allo Smac Day, l\u2019assessore alle Politiche sociali del Comune di Potenza Fernando Picerno che, sottolineando l\u2019impegno e la dedizione profuso dall\u2019Associazione nel sociale, si \u00e8 mostrato compiaciuto della volont\u00e0 di questo gruppo di lavoro talentuoso e dei nobili obiettivi prefissati. \u00a0<em>\u201cLa creativit\u00e0 \u00e8 contagiosa, trasmettila anche agli altri\u201d.<\/em>\u00a0Su queste parole di Albert Einstein si fonda il progetto dell\u2019Associazione Culturale S.M.A.C. Angolo Creativo che nasce a luglio del 2018 e che conta gi\u00e0 tanti tesserati. L&#8217;obiettivo \u00e8 quello di promuovere la pratica e la diffusione di attivit\u00e0 artistico-musicali, in modo particolare attraverso laboratori didattici a partire dai 3 anni, ma anche quello di sostenere con proprie competenze e progetti quelle parti sociali pi\u00f9 deboli. Lo Smac Day, svoltosi a Potenza domenica 22 settembre, presso la sede dell\u2019associazione in via Anzio, ha spiegato tutto questo illustrando anche i corsi e i laboratori che saranno organizzati. Il pomeriggio \u00e8 stato allietato da special guest che hanno coinvolto i presenti con le loro performance: i Classical Ensemble, gruppo di giovani musicisti del panorama lucano, il Coro Gospel Voices\u2019 Power accomunati dalla passione per la musica, il gruppo teatrale di grande dinamicit\u00e0 Duemila Cr3dici. La presidente dell\u2019Associazione Valeria Veltro \u00e8 affiancata da numerosi volontari che partecipano alla realizzazione dei corsi, tutti giovani lucani specializzati e formatisi presso accademie e conservatori nazionali. Sono un gruppo affiatato e animato dalla voglia di offrire alla comunit\u00e0 dei servizi innovativi e formativi. Sar\u00e0 riproposto per la seconda edizione il corso di acrobatica aerea tenuto da Monica De Vivo aperto a tutti i bambini e ragazzi dai 5 ai 15 anni e ci sar\u00e0 l\u2019introduzione del corso di bioenergetica tenuto dalla Dott.ssa Antonella Marengo, psicologa e psicoterapeuta. Infine, il gruppo di lavoro composto dalla presidente Valeria Veltro, dall\u2019assistente sociale Valeria Rosaria Singetta e dall\u2019addetta alla comunicazione Monica Pecoraro, avr\u00e0 l&#8217;obiettivo di estendere il sostegno alle famiglie pronto ad avviare dei progetti per il sociale che vedr\u00e0 protagonisti i ragazzi speciali.<\/p>\n","protected":false},"excerpt":{"rendered":"<p>26.09.19 &#8211; ore 19: Ha accolto con entusiasmo l\u2019invito a partecipare allo Smac Day, l\u2019assessore alle Politiche sociali del Comune di Potenza Fernando Picerno che, &#8230; <\/p>\n","protected":false},"author":3,"featured_media":0,"comment_status":"closed","ping_status":"closed","sticky":false,"template":"single-sidebar.php","format":"standard","meta":{"footnotes":""},"categories":[63],"tags":[],"class_list":["post-34945","post","type-post","status-publish","format-standard","hentry","category-news"],"_links":{"self":[{"href":"https:\/\/archivio.comune.potenza.it\/index.php?rest_route=\/wp\/v2\/posts\/34945"}],"collection":[{"href":"https:\/\/archivio.comune.potenza.it\/index.php?rest_route=\/wp\/v2\/posts"}],"about":[{"href":"https:\/\/archivio.comune.potenza.it\/index.php?rest_route=\/wp\/v2\/types\/post"}],"author":[{"embeddable":true,"href":"https:\/\/archivio.comune.potenza.it\/index.php?rest_route=\/wp\/v2\/users\/3"}],"replies":[{"embeddable":true,"href":"https:\/\/archivio.comune.potenza.it\/index.php?rest_route=%2Fwp%2Fv2%2Fcomments&post=34945"}],"version-history":[{"count":0,"href":"https:\/\/archivio.comune.potenza.it\/index.php?rest_route=\/wp\/v2\/posts\/34945\/revisions"}],"wp:attachment":[{"href":"https:\/\/archivio.comune.potenza.it\/index.php?rest_route=%2Fwp%2Fv2%2Fmedia&parent=34945"}],"wp:term":[{"taxonomy":"category","embeddable":true,"href":"https:\/\/archivio.comune.potenza.it\/index.php?rest_route=%2Fwp%2Fv2%2Fcategories&post=34945"},{"taxonomy":"post_tag","embeddable":true,"href":"https:\/\/archivio.comune.potenza.it\/index.php?rest_route=%2Fwp%2Fv2%2Ftags&post=34945"}],"curies":[{"name":"wp","href":"https:\/\/api.w.org\/{rel}","templated":true}]}}