{"id":35142,"date":"2019-10-03T10:06:43","date_gmt":"2019-10-03T08:06:43","guid":{"rendered":"http:\/\/archivio.comune.potenza.it\/?p=35142"},"modified":"2019-10-03T13:17:33","modified_gmt":"2019-10-03T11:17:33","slug":"progetto-potenzialmente-lassessore-picerno-illustra-lassegno-di-maternita","status":"publish","type":"post","link":"https:\/\/archivio.comune.potenza.it\/?p=35142","title":{"rendered":"Progetto \u2018Potenziamente\u2019, l\u2019assessore Picerno illustra l\u2019assegno di maternit\u00e0"},"content":{"rendered":"\n<p>3.10.19 \u2013 ore 10: L\u2019assessore alle Politiche sociali, Fernando Picerno informa le famiglie potentine sulla possibilit\u00e0 di percepire, previa presenza dei requisiti, l\u2019assegno di maternit\u00e0, nell\u2019ambito del  Progetto \u2018Potenziamente\u2019 che prosegue il proprio percorso.<\/p>\n\n\n\n<p>\nIl\nsussidio \u00e8 un contributo economico rivolto al sostegno della\nmaternit\u00e0 per le famiglie che\nsono in possesso di un ISEE, in corso di validit\u00e0, inferiore o pari\na \u20ac.\n17.330,01.\nLa richiesta \u00e8 completamente gratuita.<\/p>\n\n\n\n<p>\nL\u2019assegno\ndi maternit\u00e0 presenta i seguenti requisiti:<\/p>\n\n\n\n<p>\nL\u2019importo\ndell\u2019assegno, per l\u2019anno 2019, \u00e8 pari a \u20ac 346,39 mensili per\ncinque mensilit\u00e0 per un totale complessivo di \u20ac. 1.731,95.<\/p>\n\n\n\n<p>\nI\nrequisiti per ottenere l\u2019assegno di maternit\u00e0 sono i seguenti:<\/p>\n\n\n\n<p>\nessere\nresidente nel Comune di Potenza al momento della presentazione della\ndomanda; essere cittadina italiana o comunitaria o appartenente a\nPaesi Terzi in qualit\u00e0 di cittadina:<\/p>\n\n\n\n<p>\ntitolare\ndel permesso di soggiorno CE per soggiornanti di lungo periodo;<\/p>\n\n\n\n<p>familiare\ndi cittadini italiani, dell\u2019Unione o di cittadini soggiornanti di\nlungo periodo non  \n<\/p>\n\n\n\n<p>aventi\nla cittadinanza di uno Stato membro che sia titolare del diritto di\nsoggiorno o del \n<\/p>\n\n\n\n<p>diritto\ndi soggiorno permanente;  \n<\/p>\n\n\n\n<p>rifugiato\npolitico, i suoi familiari e superstiti;<\/p>\n\n\n\n<p>titolare\ndella protezione sussidiaria;<\/p>\n\n\n\n<p>cittadino\n\/ lavoratore del Marocco, Tunisia, Algeria e Turchia, e i suoi\nfamiliari;<\/p>\n\n\n\n<p>titolare\ndel permesso unico per lavoro o con autorizzazione al lavoro e i suoi<\/p>\n\n\n\n<p>\nfamiliari,\nad eccezione delle categorie espressamente escluse dal D.lgs.\n40\/2014; che abbia soggiornato legalmente in almeno 2 stati membri, i\nsuoi familiari e superstiti; \n<\/p>\n\n\n\n<p>\napolide,\ni suoi familiari e superstiti.<\/p>\n\n\n\n<p>\nL\u2019assegno\ndi maternit\u00e0 viene concesso anche alle madri minorenni o ad altri\nsoggetti quando ricorrono situazioni specifiche come decesso della\nmadre, affidamento esclusivo al padre. \n<\/p>\n\n\n\n<p> La domanda deve essere presentata mediante compilazione di apposito modulo ai competenti uffici comunali (per scaricare il modulo dal sito istituzionale archivio.comune.potenza.it  seguire il seguente percorso: Home Page &#8211; Aree Tematiche \u2013 sezione \u2018Sociale\u2019- sezione \u2018Modulistica\u2019 \u2013 \u2018Assegno di maternit\u00e0\u2019 oppure cliccando <a href=\"https:\/\/archivio.comune.potenza.it\/wp-content\/uploads\/2019\/07\/13-modulo-assegno-di-maternit%C3%A0-2019-aggiornato-aprile-OK.pdf\">qui <\/a>. A tale domanda deve essere allegata l\u2019attestazione ISEE, rilasciata dai CAF o dalla locale sede INPS e va presentata:<\/p>\n\n\n\n<ul class=\"wp-block-list\"><li>entro\n\til sesto mese dalla data del parto;\n\t<\/li><li>entro\n\til sesto anno in caso di affidamento preadottivo o adozione senza\n\taffidamento; \n\t\n\t<\/li><li>entro\n\til diciottesimo anno in caso di affidamento o adozione\n\tinternazionale.\n<\/li><\/ul>\n\n\n\n<p>\nNei\ntrenta giorni dalla presentazione della domanda viene portata a\ntermine l\u2019istruttoria della pratica e trasmessa all\u2019INPS che, nei\nquarantacinque giorni successivi alla ricezione, provveder\u00e0 al\npagamento dell\u2019importo.<\/p>\n\n\n\n<p>\nPer\nla consegna della modulistica e per ricevere ulteriori informazioni:<\/p>\n\n\n\n<p>\n Comune\ndi Potenza<\/p>\n\n\n\n<p>\nUnit\u00e0\ndi Direzione \u201cServizi alla Persona\u201d &#8211; Ufficio Servizi Sociali &#8211;\nVia Nazario Sauro<\/p>\n\n\n\n<p>\nUfficio\nCortesia telefono 0971\/415785 &#8211; 415128<\/p>\n\n\n\n<p>\nDal\nluned\u00ec al venerd\u00ec dalle 8,30 alle 12,00 Il marted\u00ec e il gioved\u00ec\ndalle 16,30 alle 18,00  \n<\/p>\n\n\n\n<p>\nE-mail:\nufficiocortesia@comune.potenza.it<\/p>\n","protected":false},"excerpt":{"rendered":"<p>3.10.19 \u2013 ore 10: L\u2019assessore alle Politiche sociali, Fernando Picerno informa le famiglie potentine sulla possibilit\u00e0 di percepire, previa presenza dei requisiti, l\u2019assegno di maternit\u00e0, &#8230; <\/p>\n","protected":false},"author":3,"featured_media":0,"comment_status":"closed","ping_status":"closed","sticky":false,"template":"single-sidebar.php","format":"standard","meta":{"footnotes":""},"categories":[63],"tags":[],"class_list":["post-35142","post","type-post","status-publish","format-standard","hentry","category-news"],"_links":{"self":[{"href":"https:\/\/archivio.comune.potenza.it\/index.php?rest_route=\/wp\/v2\/posts\/35142"}],"collection":[{"href":"https:\/\/archivio.comune.potenza.it\/index.php?rest_route=\/wp\/v2\/posts"}],"about":[{"href":"https:\/\/archivio.comune.potenza.it\/index.php?rest_route=\/wp\/v2\/types\/post"}],"author":[{"embeddable":true,"href":"https:\/\/archivio.comune.potenza.it\/index.php?rest_route=\/wp\/v2\/users\/3"}],"replies":[{"embeddable":true,"href":"https:\/\/archivio.comune.potenza.it\/index.php?rest_route=%2Fwp%2Fv2%2Fcomments&post=35142"}],"version-history":[{"count":0,"href":"https:\/\/archivio.comune.potenza.it\/index.php?rest_route=\/wp\/v2\/posts\/35142\/revisions"}],"wp:attachment":[{"href":"https:\/\/archivio.comune.potenza.it\/index.php?rest_route=%2Fwp%2Fv2%2Fmedia&parent=35142"}],"wp:term":[{"taxonomy":"category","embeddable":true,"href":"https:\/\/archivio.comune.potenza.it\/index.php?rest_route=%2Fwp%2Fv2%2Fcategories&post=35142"},{"taxonomy":"post_tag","embeddable":true,"href":"https:\/\/archivio.comune.potenza.it\/index.php?rest_route=%2Fwp%2Fv2%2Ftags&post=35142"}],"curies":[{"name":"wp","href":"https:\/\/api.w.org\/{rel}","templated":true}]}}