{"id":35413,"date":"2019-10-11T14:01:59","date_gmt":"2019-10-11T12:01:59","guid":{"rendered":"http:\/\/archivio.comune.potenza.it\/?p=35413"},"modified":"2019-10-11T14:02:01","modified_gmt":"2019-10-11T12:02:01","slug":"lassessore-dottavio-presenta-la-personale-di-claudio-santangelo","status":"publish","type":"post","link":"https:\/\/archivio.comune.potenza.it\/?p=35413","title":{"rendered":"L\u2019assessore D\u2019Ottavio presenta la personale di Claudio Santangelo"},"content":{"rendered":"\n<p>11.10.19 \u2013 ore 13,55: \u201cSiamo stati lieti di concedere la Cappella dei Celestini appena ristrutturata all\u2019artista Claudio Santangelo, che esporr\u00e0 le sue opere nella personale che apre i battenti sabato 12 ottobre e sar\u00e0 visitabile fino a venerd\u00ec 25 ottobre\u201d. Cos\u00ec l\u2019assessore alla Cultura Stefania D\u2019Ottavio presenta la mostra dell\u2019artista potentino che porter\u00e0 all\u2019attenzione del pubblico trenta lavori ospitati sulle pareti dello spazio espositivo, all\u2019interno di Palazzo Loffredo. \u201cL\u2019arte, \u2013 conclude la D\u2019Ottavio \u2013 da sempre volano di cultura, pu\u00f2 rappresentare per Potenza e per la nostra regione un momento decisivo in quel percorso di crescita e sviluppo, sotto ogni punto di vista, della nostra comunit\u00e0\u201d. L\u2019accesso alla Cappella dei Celestini \u00e8 in largo Duomo, la mostra sar\u00e0 aperta dal 12 al 25 ottobre 2019 dalle 10,30 alle 13 e dalle 17 alle 20, l\u2019ingresso \u00e8 libero.<\/p>\n","protected":false},"excerpt":{"rendered":"<p>11.10.19 \u2013 ore 13,55: \u201cSiamo stati lieti di concedere la Cappella dei Celestini appena ristrutturata all\u2019artista Claudio Santangelo, che esporr\u00e0 le sue opere nella personale &#8230; <\/p>\n","protected":false},"author":3,"featured_media":0,"comment_status":"closed","ping_status":"closed","sticky":false,"template":"single-sidebar.php","format":"standard","meta":{"footnotes":""},"categories":[63],"tags":[],"class_list":["post-35413","post","type-post","status-publish","format-standard","hentry","category-news"],"_links":{"self":[{"href":"https:\/\/archivio.comune.potenza.it\/index.php?rest_route=\/wp\/v2\/posts\/35413"}],"collection":[{"href":"https:\/\/archivio.comune.potenza.it\/index.php?rest_route=\/wp\/v2\/posts"}],"about":[{"href":"https:\/\/archivio.comune.potenza.it\/index.php?rest_route=\/wp\/v2\/types\/post"}],"author":[{"embeddable":true,"href":"https:\/\/archivio.comune.potenza.it\/index.php?rest_route=\/wp\/v2\/users\/3"}],"replies":[{"embeddable":true,"href":"https:\/\/archivio.comune.potenza.it\/index.php?rest_route=%2Fwp%2Fv2%2Fcomments&post=35413"}],"version-history":[{"count":0,"href":"https:\/\/archivio.comune.potenza.it\/index.php?rest_route=\/wp\/v2\/posts\/35413\/revisions"}],"wp:attachment":[{"href":"https:\/\/archivio.comune.potenza.it\/index.php?rest_route=%2Fwp%2Fv2%2Fmedia&parent=35413"}],"wp:term":[{"taxonomy":"category","embeddable":true,"href":"https:\/\/archivio.comune.potenza.it\/index.php?rest_route=%2Fwp%2Fv2%2Fcategories&post=35413"},{"taxonomy":"post_tag","embeddable":true,"href":"https:\/\/archivio.comune.potenza.it\/index.php?rest_route=%2Fwp%2Fv2%2Ftags&post=35413"}],"curies":[{"name":"wp","href":"https:\/\/api.w.org\/{rel}","templated":true}]}}