{"id":35655,"date":"2019-10-24T13:33:21","date_gmt":"2019-10-24T11:33:21","guid":{"rendered":"http:\/\/archivio.comune.potenza.it\/?p=35655"},"modified":"2019-10-24T13:35:30","modified_gmt":"2019-10-24T11:35:30","slug":"raccolta-differenziata-dei-rifiuti-al-64","status":"publish","type":"post","link":"https:\/\/archivio.comune.potenza.it\/?p=35655","title":{"rendered":"Raccolta differenziata dei rifiuti al 64%"},"content":{"rendered":"\n<figure class=\"wp-block-image\"><img loading=\"lazy\" decoding=\"async\" width=\"1024\" height=\"768\" src=\"https:\/\/archivio.comune.potenza.it\/wp-content\/uploads\/2019\/10\/PAMF5730-1024x768.jpg\" alt=\"\" class=\"wp-image-35658\" srcset=\"https:\/\/archivio.comune.potenza.it\/wp-content\/uploads\/2019\/10\/PAMF5730-1024x768.jpg 1024w, https:\/\/archivio.comune.potenza.it\/wp-content\/uploads\/2019\/10\/PAMF5730-300x225.jpg 300w, https:\/\/archivio.comune.potenza.it\/wp-content\/uploads\/2019\/10\/PAMF5730-768x576.jpg 768w, https:\/\/archivio.comune.potenza.it\/wp-content\/uploads\/2019\/10\/PAMF5730-510x382.jpg 510w, https:\/\/archivio.comune.potenza.it\/wp-content\/uploads\/2019\/10\/PAMF5730-1080x810.jpg 1080w, https:\/\/archivio.comune.potenza.it\/wp-content\/uploads\/2019\/10\/PAMF5730-980x735.jpg 980w, https:\/\/archivio.comune.potenza.it\/wp-content\/uploads\/2019\/10\/PAMF5730-480x360.jpg 480w, https:\/\/archivio.comune.potenza.it\/wp-content\/uploads\/2019\/10\/PAMF5730.jpg 1200w\" sizes=\"(max-width: 1024px) 100vw, 1024px\" \/><figcaption>Un momento della conferenza stampa<\/figcaption><\/figure>\n\n\n\n<figure class=\"wp-block-image\"><img loading=\"lazy\" decoding=\"async\" width=\"768\" height=\"1024\" src=\"https:\/\/archivio.comune.potenza.it\/wp-content\/uploads\/2019\/10\/Il_Sindaco_Mario_Guarente_e_il_responsabile_progetti_territoriali_speciali_CONAI_Fabio_Costarella-768x1024.jpg\" alt=\"\" class=\"wp-image-35659\" srcset=\"https:\/\/archivio.comune.potenza.it\/wp-content\/uploads\/2019\/10\/Il_Sindaco_Mario_Guarente_e_il_responsabile_progetti_territoriali_speciali_CONAI_Fabio_Costarella-768x1024.jpg 768w, https:\/\/archivio.comune.potenza.it\/wp-content\/uploads\/2019\/10\/Il_Sindaco_Mario_Guarente_e_il_responsabile_progetti_territoriali_speciali_CONAI_Fabio_Costarella-225x300.jpg 225w, https:\/\/archivio.comune.potenza.it\/wp-content\/uploads\/2019\/10\/Il_Sindaco_Mario_Guarente_e_il_responsabile_progetti_territoriali_speciali_CONAI_Fabio_Costarella-1080x1440.jpg 1080w, https:\/\/archivio.comune.potenza.it\/wp-content\/uploads\/2019\/10\/Il_Sindaco_Mario_Guarente_e_il_responsabile_progetti_territoriali_speciali_CONAI_Fabio_Costarella-1280x1707.jpg 1280w, https:\/\/archivio.comune.potenza.it\/wp-content\/uploads\/2019\/10\/Il_Sindaco_Mario_Guarente_e_il_responsabile_progetti_territoriali_speciali_CONAI_Fabio_Costarella-980x1307.jpg 980w, https:\/\/archivio.comune.potenza.it\/wp-content\/uploads\/2019\/10\/Il_Sindaco_Mario_Guarente_e_il_responsabile_progetti_territoriali_speciali_CONAI_Fabio_Costarella-480x640.jpg 480w\" sizes=\"(max-width: 768px) 100vw, 768px\" \/><figcaption> Il sindaco Mario Guarente e il responsabile Area Progetti Territoriali CONAI&nbsp;Fabio Costarella<\/figcaption><\/figure>\n\n\n\n<p>24.10.2019 -ore 13,25: Dal 25% al 64%&nbsp;nel giro di&nbsp;3 anni. \u00c8&nbsp;boom della raccolta differenziata a Potenza.&nbsp;I dati, presentati oggi dal&nbsp;Comune&nbsp;e da&nbsp;CONAI &#8211; Consorzio Nazionale Imballaggi &#8211; restituiscono&nbsp;risultati di crescita superiori alle aspettative, con un trend che si attesta per i primi&nbsp;8 mesi del 2019 su una media del 64%,&nbsp;con punte che superano il risultato&nbsp;record del 67%.<br> Una&nbsp;crescita costante negli ultimi anni, da quando Comune di Potenza e CONAI hanno iniziato a lavorare insieme: nel&nbsp;2016&nbsp;la media di raccolta differenziata si attestava infatti al&nbsp;25,71%,&nbsp;mentre gi\u00e0 nel&nbsp;2017&nbsp;cresceva al&nbsp;48,12%&nbsp;e nel&nbsp;2018&nbsp;raggiungeva il&nbsp;risultato&nbsp;del&nbsp;63%.&nbsp;Dati in ulteriore crescita nel&nbsp;2019, con&nbsp;punte che hanno gi\u00e0 superato il 67%. \u201cProsegue il cammino sinergico e virtuoso intrapreso con CONAI che ringrazio per il prezioso supporto fornito e che continua a offrirci, con professionalit\u00e0 e grande esperienza \u2013 commenta il Sindaco di Potenza Mario Guarente \u2013. Ma il mio grazie va soprattutto ai cittadini di Potenza che hanno saputo raggiungere risultati di indubbio rilievo, in grado di collocarci tra gli esempi positivi a livello nazionale, nell\u2019ambito della raccolta differenziata dei rifiuti. Certamente \u00e8 importante proseguire sulla strada intrapresa, onde evitare che il comportamento scorretto di pochi infici il lavoro sin qui realizzato, grazie all\u2019impegno dei lavoratori Acta, del suo Amministratore unico e degli uffici comunali\u201d. Alla conferenza stampa di oggi hanno preso parte, oltre al&nbsp;Sindaco Guarente, il Responsabile Area Progetti Territoriali Speciali CONAI&nbsp;Fabio Costarella,&nbsp;l\u2019Assessore all\u2019Ambiente del Comune di Potenza&nbsp;Alessandro Galella&nbsp;e l\u2019Amministratore unico dell\u2019azienda rifiuti ACTA&nbsp;Roberto Spera.<br> La collaborazione tra il&nbsp;Comune di Potenza&nbsp;e il&nbsp;CONAI&nbsp;inizia nel&nbsp;febbraio 2016&nbsp;con la sottoscrizione di un protocollo che sancisce una sinergia fondamentale nell\u2019implementazione del servizio.<br> Grazie anche alla collaborazione costante con&nbsp;ACTA&nbsp;\u2013 l\u2019Azienda municipalizzata gestore del servizio \u2013 \u00e8 stato redatto il piano industriale e di comunicazione, a cui \u00e8 seguita la fase di start-up del nuovo piano di raccolta differenziata, unitamente alle attivit\u00e0 di informazione e sensibilizzazione delle utenze domestiche e commerciali.<br> L\u2019Amministrazione ha proceduto nel corso dei primi mesi del 2016 all\u2019acquisto dei mezzi e delle attrezzature oggetto di finanziamento regionale, cos\u00ec come previsto dall\u2019Accordo CONAI, Regione e Ministero dell\u2019Ambiente.&nbsp;Il territorio \u00e8 stato diviso in 4 aree: contrade (area extraurbana), area industriale, centro abitato e centro storico.<br> Le attivit\u00e0 di consegna kit alle utenze domestiche e non domestiche, avviate a giugno del 2016, si sono concluse nel mese di dicembre 2017. L\u2019ultima zona implementata con il nuovo servizio di raccolta differenziata \u00e8 partita il 20 dicembre del 2017 (centro storico e Bucaletto).<br> Dal mese di gennaio 2018 sul&nbsp;territorio comunale coesistono 3 sistemi di raccolta, implementati sulla base delle caratteristiche della citt\u00e0: porta a porta (area industriale e parte del centro urbano), di prossimit\u00e0 (area delle contrade), con cassonetti a bocca tarata e conferimento assistito (centro storico e area Bucaletto). Con l\u2019avvio del nuovo sistema di raccolta differenziata, l\u2019Amministrazione ha anche approvato il&nbsp;nuovo regolamento della TARI, passando di fatto alla&nbsp;TARIC.<br> I primi&nbsp;8 mesi del 2019&nbsp;restituiscono un&nbsp;andamento nei dati di raccolta differenziata costante e positivo: a gennaio e febbraio la raccolta arriva al 63%, a marzo al 65,83%, fino a toccare con il mese di agosto una punta del 67,13%.<br> \u201cCasi come quello di Potenza sono la prova che anche le regioni del Sud possono riscoprirsi virtuose nel recupero dei rifiuti di imballaggio \u2013 afferma Fabio Costarella&nbsp;di CONAI \u2013. L\u2019Italia, purtroppo, \u00e8 ancora un Paese che in questo viaggia a due velocit\u00e0. Eppure, dove c\u2019\u00e8 una chiara volont\u00e0 politica, si possono ottenere in poco tempo grandi risultati. Da vent\u2019anni, del resto, CONAI lavora sulle aree in ritardo supportando i Comuni sia sul piano tecnico ed economico sia su quello della corretta comunicazione ai cittadini. Un impegno politico e ambientale che vuole migliorare le gi\u00e0 ottime performance del sistema consortile: non dimentichiamo che, con una percentuale di imballaggi recuperati superiore all\u201980%, l\u2019Italia \u00e8 oggi un modello di economia circolare in Europa\u201d.<br> CONAI&nbsp;lavora&nbsp;in tandem con i Comuni italiani&nbsp;per sviluppare una raccolta differenziata di qualit\u00e0 in tutto il Paese.<br> Offre un&nbsp;supporto a quasi tutte le Amministrazioni&nbsp;comunali italiane in termini di progettazione, realizzazione e finanziamento dei sistemi di raccolta differenziata, oltre a stimolare una continua azione di ricerca volta a sostenere innovazione e ottimizzazione nelle tecniche di riduzione dell\u2019impatto ambientale. Grazie all\u2019Accordo Quadro sottoscritto con l\u2019ANCI, sono ad oggi oltre&nbsp;57 milioni gli italiani serviti e assistiti dal CONAI&nbsp;nelle azioni di conferimento dei rifiuti.<\/p>\n","protected":false},"excerpt":{"rendered":"<p>24.10.2019 -ore 13,25: Dal 25% al 64%&nbsp;nel giro di&nbsp;3 anni. \u00c8&nbsp;boom della raccolta differenziata a Potenza.&nbsp;I dati, presentati oggi dal&nbsp;Comune&nbsp;e da&nbsp;CONAI &#8211; Consorzio Nazionale Imballaggi &#8230; <\/p>\n","protected":false},"author":3,"featured_media":0,"comment_status":"closed","ping_status":"closed","sticky":false,"template":"single-sidebar.php","format":"standard","meta":{"footnotes":""},"categories":[63],"tags":[],"class_list":["post-35655","post","type-post","status-publish","format-standard","hentry","category-news"],"_links":{"self":[{"href":"https:\/\/archivio.comune.potenza.it\/index.php?rest_route=\/wp\/v2\/posts\/35655"}],"collection":[{"href":"https:\/\/archivio.comune.potenza.it\/index.php?rest_route=\/wp\/v2\/posts"}],"about":[{"href":"https:\/\/archivio.comune.potenza.it\/index.php?rest_route=\/wp\/v2\/types\/post"}],"author":[{"embeddable":true,"href":"https:\/\/archivio.comune.potenza.it\/index.php?rest_route=\/wp\/v2\/users\/3"}],"replies":[{"embeddable":true,"href":"https:\/\/archivio.comune.potenza.it\/index.php?rest_route=%2Fwp%2Fv2%2Fcomments&post=35655"}],"version-history":[{"count":0,"href":"https:\/\/archivio.comune.potenza.it\/index.php?rest_route=\/wp\/v2\/posts\/35655\/revisions"}],"wp:attachment":[{"href":"https:\/\/archivio.comune.potenza.it\/index.php?rest_route=%2Fwp%2Fv2%2Fmedia&parent=35655"}],"wp:term":[{"taxonomy":"category","embeddable":true,"href":"https:\/\/archivio.comune.potenza.it\/index.php?rest_route=%2Fwp%2Fv2%2Fcategories&post=35655"},{"taxonomy":"post_tag","embeddable":true,"href":"https:\/\/archivio.comune.potenza.it\/index.php?rest_route=%2Fwp%2Fv2%2Ftags&post=35655"}],"curies":[{"name":"wp","href":"https:\/\/api.w.org\/{rel}","templated":true}]}}