{"id":35728,"date":"2019-10-25T10:54:36","date_gmt":"2019-10-25T08:54:36","guid":{"rendered":"http:\/\/archivio.comune.potenza.it\/?p=35728"},"modified":"2019-10-25T10:54:37","modified_gmt":"2019-10-25T08:54:37","slug":"piscina-di-montereale-aperta-la-mattina-di-domenica-27-ottobre-2019","status":"publish","type":"post","link":"https:\/\/archivio.comune.potenza.it\/?p=35728","title":{"rendered":"Piscina di Montereale aperta la mattina di domenica 27 ottobre 2019"},"content":{"rendered":"\n<figure class=\"wp-block-image\"><img loading=\"lazy\" decoding=\"async\" width=\"726\" height=\"1024\" src=\"https:\/\/archivio.comune.potenza.it\/wp-content\/uploads\/2019\/10\/27-ottobre-nuoto-piscina-726x1024.jpg\" alt=\"\" class=\"wp-image-35729\" srcset=\"https:\/\/archivio.comune.potenza.it\/wp-content\/uploads\/2019\/10\/27-ottobre-nuoto-piscina-726x1024.jpg 726w, https:\/\/archivio.comune.potenza.it\/wp-content\/uploads\/2019\/10\/27-ottobre-nuoto-piscina-213x300.jpg 213w, https:\/\/archivio.comune.potenza.it\/wp-content\/uploads\/2019\/10\/27-ottobre-nuoto-piscina-768x1084.jpg 768w, https:\/\/archivio.comune.potenza.it\/wp-content\/uploads\/2019\/10\/27-ottobre-nuoto-piscina-1080x1524.jpg 1080w, https:\/\/archivio.comune.potenza.it\/wp-content\/uploads\/2019\/10\/27-ottobre-nuoto-piscina-980x1383.jpg 980w, https:\/\/archivio.comune.potenza.it\/wp-content\/uploads\/2019\/10\/27-ottobre-nuoto-piscina-480x677.jpg 480w, https:\/\/archivio.comune.potenza.it\/wp-content\/uploads\/2019\/10\/27-ottobre-nuoto-piscina.jpg 1134w\" sizes=\"(max-width: 726px) 100vw, 726px\" \/><\/figure>\n\n\n\n<p>25.10.2019 &#8211; ore 10,55: \u201cL\u2019Amministrazione comunale, in occasione della Giornata mondiale per le persone di bassa statura ha previsto l\u2019apertura della piscina \u2018Michele Riviello\u2019, all\u2019interno del complesso sportivo di parco Montereale, la mattina di domenica 27 ottobre 2019, dalle ore 9 alle ore 14\u201d. A comunicarlo l\u2019assessore allo Sport Patrizia Guma che sar\u00e0 presente nell\u2019impianto natatorio \u201cper incontrare i cittadini e confrontarsi sulle esigenze che i frequentatori della piscina vorranno presentarmi. E\u2019 nostra intenzione \u2013 prosegue la Guma \u2013 raccogliere le diverse proposte per rendere, questo che \u00e8 uno dei luoghi storici dello sport del capoluogo, sempre pi\u00f9 fruibile a coloro che lo utilizzano e quanti vorranno cominciare a farlo. La pratica sportiva \u2013 conclude l\u2019assessore \u2013 oltre a contribuire in maniera fondamentale al benessere di ciascuno di noi, \u00e8 anche occasione di socializzazione e, all\u2019inizio di questo percorso che ci porter\u00e0 a essere nel 2021 \u2018Citt\u00e0 europea dello Sport\u2019, pu\u00f2 e deve offrire a tutti noi la possibilit\u00e0 di prepararci nel migliore dei modi a un appuntamento importante per la nostra comunit\u00e0 e per quelle che vivono nei comuni lucani\u201d. Il costo per l\u2019ingresso alla vasca sar\u00e0 di 4 euro, mentre sar\u00e0 gratuito per le persone con disabilit\u00e0.<\/p>\n","protected":false},"excerpt":{"rendered":"<p>25.10.2019 &#8211; ore 10,55: \u201cL\u2019Amministrazione comunale, in occasione della Giornata mondiale per le persone di bassa statura ha previsto l\u2019apertura della piscina \u2018Michele Riviello\u2019, all\u2019interno &#8230; <\/p>\n","protected":false},"author":3,"featured_media":0,"comment_status":"closed","ping_status":"closed","sticky":false,"template":"single-sidebar.php","format":"standard","meta":{"footnotes":""},"categories":[63],"tags":[],"class_list":["post-35728","post","type-post","status-publish","format-standard","hentry","category-news"],"_links":{"self":[{"href":"https:\/\/archivio.comune.potenza.it\/index.php?rest_route=\/wp\/v2\/posts\/35728"}],"collection":[{"href":"https:\/\/archivio.comune.potenza.it\/index.php?rest_route=\/wp\/v2\/posts"}],"about":[{"href":"https:\/\/archivio.comune.potenza.it\/index.php?rest_route=\/wp\/v2\/types\/post"}],"author":[{"embeddable":true,"href":"https:\/\/archivio.comune.potenza.it\/index.php?rest_route=\/wp\/v2\/users\/3"}],"replies":[{"embeddable":true,"href":"https:\/\/archivio.comune.potenza.it\/index.php?rest_route=%2Fwp%2Fv2%2Fcomments&post=35728"}],"version-history":[{"count":0,"href":"https:\/\/archivio.comune.potenza.it\/index.php?rest_route=\/wp\/v2\/posts\/35728\/revisions"}],"wp:attachment":[{"href":"https:\/\/archivio.comune.potenza.it\/index.php?rest_route=%2Fwp%2Fv2%2Fmedia&parent=35728"}],"wp:term":[{"taxonomy":"category","embeddable":true,"href":"https:\/\/archivio.comune.potenza.it\/index.php?rest_route=%2Fwp%2Fv2%2Fcategories&post=35728"},{"taxonomy":"post_tag","embeddable":true,"href":"https:\/\/archivio.comune.potenza.it\/index.php?rest_route=%2Fwp%2Fv2%2Ftags&post=35728"}],"curies":[{"name":"wp","href":"https:\/\/api.w.org\/{rel}","templated":true}]}}