{"id":36616,"date":"2019-11-19T18:23:03","date_gmt":"2019-11-19T17:23:03","guid":{"rendered":"http:\/\/archivio.comune.potenza.it\/?p=36616"},"modified":"2019-11-19T18:23:04","modified_gmt":"2019-11-19T17:23:04","slug":"sicurezza-nelle-contrade-nota-della-prefettura-di-potenza","status":"publish","type":"post","link":"https:\/\/archivio.comune.potenza.it\/?p=36616","title":{"rendered":"Sicurezza nelle contrade, Nota della Prefettura di Potenza"},"content":{"rendered":"\n<p>19.11.2019 &#8211; ore 18,20: Comunicato della Prefettura di Potenza: <\/p>\n\n\n\n<p>&#8220;Si \u00e8 riunito in Prefettura, nella giornata odierna, il Comitato Provinciale per l&#8217;Ordine e la Sicurezza Pubblica per un aggiornamento sulla tematica della sicurezza pubblica alla luce dei reati predatori &#8211; in particolare furti in abitazioni &#8211; verificatisi ultimamente in alcune contrade di Potenza.<\/p>\n\n\n\n<p>\nAll&#8217;incontro hanno\npreso parte i vertici delle Forze dell&#8217;Ordine (Questura, Carabinieri,\nGuardia di Finanza) ed una delegazione del Sindaco di Potenza,\ncomposta dal Capo di Gabinetto del comune capoluogo e da un\nconsigliere di maggioranza. \n<\/p>\n\n\n\n<p> Il Prefetto, a seguito dei recenti furti in abitazione che si sono verificati nelle Contrade Cavaliere, Botte, Ciciniello, Rossellino ed altre ha posto l\u2019attenzione dei presenti sulla necessit\u00e0 di affrontare congiuntamente il problema evidenziato soprattutto nelle aree periferiche della citt\u00e0, sottolineando che \u00e8 fondamentale e non pi\u00f9 rinviabile sottoscrivere un Protocollo d\u2019intesa per il <em><strong>controllo di vicinato.<\/strong><\/em><\/p>\n\n\n\n<p>\nTale iniziativa\nprevede la costituzione di un comitato per ogni contrada, formato\ndagli abitanti della zona che eleggono un rappresentante il quale\navr\u00e0 poi il compito di interfacciarsi con le forze di polizia\ncoinvolte nell\u2019attivit\u00e0 di prevenzione e di controllo del\nterritorio.<\/p>\n\n\n\n<p>\nDal punto di vista\noperativo, gli abitanti di ogni contrada segnaleranno al proprio\ncoordinatore di zona ogni movimento o situazione sospetta che,\nopportunamente vagliata da quest\u2019ultimo, sar\u00e0 poi trasmessa dal\nresponsabile di zona alle forze di polizia, astenendosi da qualunque\nforma di iniziativa personale o collettiva.      \n<\/p>\n\n\n\n<p>\nSul punto il\nPrefetto ha chiesto ai rappresentanti del comune capoluogo di\nsollecitare gli abitanti delle contrade a costituire i comitati di\nzona, auspicando di giungere nell\u2019arco di due settimane o comunque\nnel pi\u00f9 breve tempo possibile alla sottoscrizione del Protocollo\nd\u2019Intesa. \n<\/p>\n\n\n\n<p>\nIl\nPrefetto, ha altres\u00ec riferito, nel corso della riunione, di essere\ndisponibile anche ad incontrare gli abitanti delle Contrade che\nsottoscriveranno il Protocollo d\u2019Intesa, unitamente ai\nrappresentanti delle forze di Polizia e all\u2019amministrazione\ncomunale, per spiegare in maniera specifica come verr\u00e0 attuato\nl\u2019accordo sottoscritto e per ribadire\nancora una volta l\u2019importanza della massima collaborazione da parte\ndi tutta la popolazione\n.   \n<\/p>\n\n\n\n<p> Il Prefetto, ha inoltre comunicato, nel corso della riunione, di avere disposto, nell\u2019immediato, congiunti servizi straordinari di controllo del territorio nelle contrade interessate al fenomeno dei furti&#8221;.<\/p>\n","protected":false},"excerpt":{"rendered":"<p>19.11.2019 &#8211; ore 18,20: Comunicato della Prefettura di Potenza: &#8220;Si \u00e8 riunito in Prefettura, nella giornata odierna, il Comitato Provinciale per l&#8217;Ordine e la Sicurezza &#8230; <\/p>\n","protected":false},"author":3,"featured_media":0,"comment_status":"closed","ping_status":"closed","sticky":false,"template":"single-sidebar.php","format":"standard","meta":{"footnotes":""},"categories":[63],"tags":[],"class_list":["post-36616","post","type-post","status-publish","format-standard","hentry","category-news"],"_links":{"self":[{"href":"https:\/\/archivio.comune.potenza.it\/index.php?rest_route=\/wp\/v2\/posts\/36616"}],"collection":[{"href":"https:\/\/archivio.comune.potenza.it\/index.php?rest_route=\/wp\/v2\/posts"}],"about":[{"href":"https:\/\/archivio.comune.potenza.it\/index.php?rest_route=\/wp\/v2\/types\/post"}],"author":[{"embeddable":true,"href":"https:\/\/archivio.comune.potenza.it\/index.php?rest_route=\/wp\/v2\/users\/3"}],"replies":[{"embeddable":true,"href":"https:\/\/archivio.comune.potenza.it\/index.php?rest_route=%2Fwp%2Fv2%2Fcomments&post=36616"}],"version-history":[{"count":0,"href":"https:\/\/archivio.comune.potenza.it\/index.php?rest_route=\/wp\/v2\/posts\/36616\/revisions"}],"wp:attachment":[{"href":"https:\/\/archivio.comune.potenza.it\/index.php?rest_route=%2Fwp%2Fv2%2Fmedia&parent=36616"}],"wp:term":[{"taxonomy":"category","embeddable":true,"href":"https:\/\/archivio.comune.potenza.it\/index.php?rest_route=%2Fwp%2Fv2%2Fcategories&post=36616"},{"taxonomy":"post_tag","embeddable":true,"href":"https:\/\/archivio.comune.potenza.it\/index.php?rest_route=%2Fwp%2Fv2%2Ftags&post=36616"}],"curies":[{"name":"wp","href":"https:\/\/api.w.org\/{rel}","templated":true}]}}