{"id":37062,"date":"2019-12-05T14:54:52","date_gmt":"2019-12-05T13:54:52","guid":{"rendered":"http:\/\/archivio.comune.potenza.it\/?p=37062"},"modified":"2019-12-05T14:54:53","modified_gmt":"2019-12-05T13:54:53","slug":"proclamazione-sindaco-non-accolto-il-ricorso-del-candidato-tramutoli-al-tar","status":"publish","type":"post","link":"https:\/\/archivio.comune.potenza.it\/?p=37062","title":{"rendered":"Proclamazione Sindaco, non accolto il ricorso del candidato Tramutoli al Tar"},"content":{"rendered":"\n<p>5.12.19 &#8211; ore 14,50: \u201cHo appena ricevuto la notizia del mancato accoglimento del ricorso presentato dal consigliere Valerio Tramutoli al Tribunale Amministrativo Regionale di Basilicata. Non entro nel merito n\u00e9 del pronunciamento dei giudici, n\u00e9 dell\u2019azione legale posta in essere dal mio competitore al ballottaggio del giugno scorso. Prendo solo atto \u2013 prosegue in una sua nota il sindaco Mario Guarente \u2013 di come oggi si concluda una fase di sospetti, acredini e pi\u00f9 o meno velate accuse, e si prosegua con maggior forza quella che ci vede impegnati con tutte le nostre energie a servizio di Potenza e dei potentini. La nostra comunit\u00e0 ha espresso chiaramente la propria volont\u00e0 di cambiamento e ha definito a chi affidare la responsabilit\u00e0 di renderlo concreto. A me, alla Giunta e alla maggioranza consiliare l\u2019onere e l\u2019onore di svolgere al meglio, nell\u2019interesse di tutti e guardando esclusivamente al bene comune, il delicato ruolo di assumere le decisioni politiche e amministrative che riterremo pi\u00f9 idonee per restituire a Potenza il ruolo che le compete, a livello regionale, di Mezzogiorno e nazionale. All\u2019opposizione l\u2019invito a svolgere il proprio ruolo, essendo di ulteriore stimolo riguardo a obiettivi e risultati che si andranno di volta in volta a definire. Potenza ha voluto segnare una svolta e garantiamo il nostro impegno affinch\u00e9 quella svolta sia nella direzione e ottenga i traguardi che i potentini e noi con loro auspichiamo\u201d.<\/p>\n","protected":false},"excerpt":{"rendered":"<p>5.12.19 &#8211; ore 14,50: \u201cHo appena ricevuto la notizia del mancato accoglimento del ricorso presentato dal consigliere Valerio Tramutoli al Tribunale Amministrativo Regionale di Basilicata. &#8230; <\/p>\n","protected":false},"author":3,"featured_media":0,"comment_status":"closed","ping_status":"closed","sticky":false,"template":"single-sidebar.php","format":"standard","meta":{"footnotes":""},"categories":[63],"tags":[],"class_list":["post-37062","post","type-post","status-publish","format-standard","hentry","category-news"],"_links":{"self":[{"href":"https:\/\/archivio.comune.potenza.it\/index.php?rest_route=\/wp\/v2\/posts\/37062"}],"collection":[{"href":"https:\/\/archivio.comune.potenza.it\/index.php?rest_route=\/wp\/v2\/posts"}],"about":[{"href":"https:\/\/archivio.comune.potenza.it\/index.php?rest_route=\/wp\/v2\/types\/post"}],"author":[{"embeddable":true,"href":"https:\/\/archivio.comune.potenza.it\/index.php?rest_route=\/wp\/v2\/users\/3"}],"replies":[{"embeddable":true,"href":"https:\/\/archivio.comune.potenza.it\/index.php?rest_route=%2Fwp%2Fv2%2Fcomments&post=37062"}],"version-history":[{"count":0,"href":"https:\/\/archivio.comune.potenza.it\/index.php?rest_route=\/wp\/v2\/posts\/37062\/revisions"}],"wp:attachment":[{"href":"https:\/\/archivio.comune.potenza.it\/index.php?rest_route=%2Fwp%2Fv2%2Fmedia&parent=37062"}],"wp:term":[{"taxonomy":"category","embeddable":true,"href":"https:\/\/archivio.comune.potenza.it\/index.php?rest_route=%2Fwp%2Fv2%2Fcategories&post=37062"},{"taxonomy":"post_tag","embeddable":true,"href":"https:\/\/archivio.comune.potenza.it\/index.php?rest_route=%2Fwp%2Fv2%2Ftags&post=37062"}],"curies":[{"name":"wp","href":"https:\/\/api.w.org\/{rel}","templated":true}]}}