{"id":37141,"date":"2019-12-09T15:59:51","date_gmt":"2019-12-09T14:59:51","guid":{"rendered":"http:\/\/archivio.comune.potenza.it\/?p=37141"},"modified":"2019-12-09T15:59:52","modified_gmt":"2019-12-09T14:59:52","slug":"io-cittadino-la-scuola-dellinfanzia-delli-c-sinisgalli-in-visita-al-comune","status":"publish","type":"post","link":"https:\/\/archivio.comune.potenza.it\/?p=37141","title":{"rendered":"\u2018Io cittadino\u2019, la scuola dell\u2019Infanzia dell\u2019I.C. Sinisgalli in visita al Comune"},"content":{"rendered":"\n<figure class=\"wp-block-image size-large\"><img loading=\"lazy\" decoding=\"async\" width=\"768\" height=\"1024\" src=\"https:\/\/archivio.comune.potenza.it\/wp-content\/uploads\/2019\/12\/io-cittadino-2-768x1024.jpg\" alt=\"\" class=\"wp-image-37142\" srcset=\"https:\/\/archivio.comune.potenza.it\/wp-content\/uploads\/2019\/12\/io-cittadino-2-768x1024.jpg 768w, https:\/\/archivio.comune.potenza.it\/wp-content\/uploads\/2019\/12\/io-cittadino-2-225x300.jpg 225w, https:\/\/archivio.comune.potenza.it\/wp-content\/uploads\/2019\/12\/io-cittadino-2-1152x1536.jpg 1152w, https:\/\/archivio.comune.potenza.it\/wp-content\/uploads\/2019\/12\/io-cittadino-2-1080x1440.jpg 1080w, https:\/\/archivio.comune.potenza.it\/wp-content\/uploads\/2019\/12\/io-cittadino-2-1280x1707.jpg 1280w, https:\/\/archivio.comune.potenza.it\/wp-content\/uploads\/2019\/12\/io-cittadino-2-980x1307.jpg 980w, https:\/\/archivio.comune.potenza.it\/wp-content\/uploads\/2019\/12\/io-cittadino-2-480x640.jpg 480w, https:\/\/archivio.comune.potenza.it\/wp-content\/uploads\/2019\/12\/io-cittadino-2.jpg 1536w\" sizes=\"(max-width: 768px) 100vw, 768px\" \/><\/figure>\n\n\n\n<figure class=\"wp-block-image size-large\"><img loading=\"lazy\" decoding=\"async\" width=\"1024\" height=\"761\" src=\"https:\/\/archivio.comune.potenza.it\/wp-content\/uploads\/2019\/12\/io-cittadino-2-1-1024x761.jpg\" alt=\"\" class=\"wp-image-37144\" srcset=\"https:\/\/archivio.comune.potenza.it\/wp-content\/uploads\/2019\/12\/io-cittadino-2-1-1024x761.jpg 1024w, https:\/\/archivio.comune.potenza.it\/wp-content\/uploads\/2019\/12\/io-cittadino-2-1-300x223.jpg 300w, https:\/\/archivio.comune.potenza.it\/wp-content\/uploads\/2019\/12\/io-cittadino-2-1-768x571.jpg 768w, https:\/\/archivio.comune.potenza.it\/wp-content\/uploads\/2019\/12\/io-cittadino-2-1-1080x803.jpg 1080w, https:\/\/archivio.comune.potenza.it\/wp-content\/uploads\/2019\/12\/io-cittadino-2-1-980x728.jpg 980w, https:\/\/archivio.comune.potenza.it\/wp-content\/uploads\/2019\/12\/io-cittadino-2-1-480x357.jpg 480w, https:\/\/archivio.comune.potenza.it\/wp-content\/uploads\/2019\/12\/io-cittadino-2-1.jpg 1200w\" sizes=\"(max-width: 1024px) 100vw, 1024px\" \/><\/figure>\n\n\n\n<p>9.12.19 &#8211; ore 15,50: Sono stati il sindaco Mario Guarente, gli assessori Marika Padula e Giuseppe Giuzio, rispettivamente con deleghe all\u2019Infanzia e al Bilancio, ad accogliere nella Sala dell\u2019Arco del Palazzo di Citt\u00e0, gli alunni della scuola dell\u2019Infanzia di via Adriatico dell\u2019Istituto comprensivo Sinisgalli. I piccoli che partecipano al progetto \u2018io cittadino\u2019, hanno fatto dono al Sindaco di una fascia tricolore da loro realizzata e hanno cantato l\u2019inno nazionale, canto che, come hanno spiegato le insegnanti presenti, ripetono tutte le mattine. Dopo una visita al teatro Stabile, nella sede municipale di piazza Matteotti il Sindaco nel sottolineare come quella odierna fosse \u201cuna delle pi\u00f9 belle visite da quando ho cominciato il mio mandato\u201d, ha ribadito l\u2019importanza \u201cche i nostri concittadini fin da piccoli conoscano le Istituzioni, abituandosi ad avere con le stesse un rapporto corretto e di vicendevole rispetto. Sentirli cantare l\u2019Inno nazionale, riferire quali siano i compiti di un Sindaco o di un assessore \u00e8 il segno di come la scuola si muova in questa direzione e i risultati che si ottengono siano quelli auspicati\u201d. \u201cVoi bambini siete la prima risorsa della nostra citt\u00e0, \u2013 ha spiegato l\u2019assessore Padula \u2013 quelli ai quali sar\u00e0 affidato il futuro di Potenza, quelli per i quali, ogni giorno, come amministratori,  profondiamo il massimo impegno per offrirvi una citt\u00e0 migliore, una citt\u00e0 pi\u00f9 bella, una citt\u00e0 pensata e realizzata per voi. Si avvicina il Natale e molte iniziative che andremo a realizzare sono state volute per rendere questo periodo pi\u00f9 magico. Genitori, scuola e Istituzioni devono imparare da voi a lavorare insieme e insieme contribuire a una vostra crescita, soprattutto intesa come consapevolezza  delle opportunit\u00e0 che riserva l\u2019essere cittadino, rispettoso dei doveri e titolare di  diritti\u201d. Per l\u2019assessore Giuzio anche \u201cgli impegni economici che l\u2019Ente va e andr\u00e0 ad assumere vanno nella direzione di garantire non solo il bene comune, ma una citt\u00e0 pi\u00f9 vicina ai desideri dei piccoli, ordinata, piacevole e accogliente perch\u00e9, diventare grandi in un ambiente sano, significa porre le condizioni affinch\u00e9 la nostra comunit\u00e0 riscopra e apprezzi concretamente i valori autentici sui quali si fonda\u201d.  <\/p>\n","protected":false},"excerpt":{"rendered":"<p>9.12.19 &#8211; ore 15,50: Sono stati il sindaco Mario Guarente, gli assessori Marika Padula e Giuseppe Giuzio, rispettivamente con deleghe all\u2019Infanzia e al Bilancio, ad &#8230; <\/p>\n","protected":false},"author":3,"featured_media":0,"comment_status":"closed","ping_status":"closed","sticky":false,"template":"single-sidebar.php","format":"standard","meta":{"footnotes":""},"categories":[63],"tags":[],"class_list":["post-37141","post","type-post","status-publish","format-standard","hentry","category-news"],"_links":{"self":[{"href":"https:\/\/archivio.comune.potenza.it\/index.php?rest_route=\/wp\/v2\/posts\/37141"}],"collection":[{"href":"https:\/\/archivio.comune.potenza.it\/index.php?rest_route=\/wp\/v2\/posts"}],"about":[{"href":"https:\/\/archivio.comune.potenza.it\/index.php?rest_route=\/wp\/v2\/types\/post"}],"author":[{"embeddable":true,"href":"https:\/\/archivio.comune.potenza.it\/index.php?rest_route=\/wp\/v2\/users\/3"}],"replies":[{"embeddable":true,"href":"https:\/\/archivio.comune.potenza.it\/index.php?rest_route=%2Fwp%2Fv2%2Fcomments&post=37141"}],"version-history":[{"count":0,"href":"https:\/\/archivio.comune.potenza.it\/index.php?rest_route=\/wp\/v2\/posts\/37141\/revisions"}],"wp:attachment":[{"href":"https:\/\/archivio.comune.potenza.it\/index.php?rest_route=%2Fwp%2Fv2%2Fmedia&parent=37141"}],"wp:term":[{"taxonomy":"category","embeddable":true,"href":"https:\/\/archivio.comune.potenza.it\/index.php?rest_route=%2Fwp%2Fv2%2Fcategories&post=37141"},{"taxonomy":"post_tag","embeddable":true,"href":"https:\/\/archivio.comune.potenza.it\/index.php?rest_route=%2Fwp%2Fv2%2Ftags&post=37141"}],"curies":[{"name":"wp","href":"https:\/\/api.w.org\/{rel}","templated":true}]}}