{"id":37239,"date":"2019-12-11T13:32:58","date_gmt":"2019-12-11T12:32:58","guid":{"rendered":"http:\/\/archivio.comune.potenza.it\/?p=37239"},"modified":"2019-12-11T13:32:59","modified_gmt":"2019-12-11T12:32:59","slug":"presentata-la-piece-in-un-concerto-assassinio-nella-cattedrale","status":"publish","type":"post","link":"https:\/\/archivio.comune.potenza.it\/?p=37239","title":{"rendered":"Presentata la \u2018piece in un concerto\u2019 \u201cAssassinio nella Cattedrale\u201d"},"content":{"rendered":"\n<figure class=\"wp-block-image size-large\"><img loading=\"lazy\" decoding=\"async\" width=\"1024\" height=\"768\" src=\"https:\/\/archivio.comune.potenza.it\/wp-content\/uploads\/2019\/12\/assassinio-cattedrale-1024x768.jpg\" alt=\"\" class=\"wp-image-37240\" srcset=\"https:\/\/archivio.comune.potenza.it\/wp-content\/uploads\/2019\/12\/assassinio-cattedrale-1024x768.jpg 1024w, https:\/\/archivio.comune.potenza.it\/wp-content\/uploads\/2019\/12\/assassinio-cattedrale-300x225.jpg 300w, https:\/\/archivio.comune.potenza.it\/wp-content\/uploads\/2019\/12\/assassinio-cattedrale-768x576.jpg 768w, https:\/\/archivio.comune.potenza.it\/wp-content\/uploads\/2019\/12\/assassinio-cattedrale-1536x1152.jpg 1536w, https:\/\/archivio.comune.potenza.it\/wp-content\/uploads\/2019\/12\/assassinio-cattedrale-510x382.jpg 510w, https:\/\/archivio.comune.potenza.it\/wp-content\/uploads\/2019\/12\/assassinio-cattedrale-1080x810.jpg 1080w, https:\/\/archivio.comune.potenza.it\/wp-content\/uploads\/2019\/12\/assassinio-cattedrale-1280x960.jpg 1280w, https:\/\/archivio.comune.potenza.it\/wp-content\/uploads\/2019\/12\/assassinio-cattedrale-980x735.jpg 980w, https:\/\/archivio.comune.potenza.it\/wp-content\/uploads\/2019\/12\/assassinio-cattedrale-480x360.jpg 480w, https:\/\/archivio.comune.potenza.it\/wp-content\/uploads\/2019\/12\/assassinio-cattedrale.jpg 2048w\" sizes=\"(max-width: 1024px) 100vw, 1024px\" \/><\/figure>\n\n\n\n<figure class=\"wp-block-image size-large\"><img loading=\"lazy\" decoding=\"async\" width=\"704\" height=\"1024\" src=\"https:\/\/archivio.comune.potenza.it\/wp-content\/uploads\/2019\/12\/assassinio-1-704x1024.jpg\" alt=\"\" class=\"wp-image-37241\" srcset=\"https:\/\/archivio.comune.potenza.it\/wp-content\/uploads\/2019\/12\/assassinio-1-704x1024.jpg 704w, https:\/\/archivio.comune.potenza.it\/wp-content\/uploads\/2019\/12\/assassinio-1-206x300.jpg 206w, https:\/\/archivio.comune.potenza.it\/wp-content\/uploads\/2019\/12\/assassinio-1-768x1117.jpg 768w, https:\/\/archivio.comune.potenza.it\/wp-content\/uploads\/2019\/12\/assassinio-1-1056x1536.jpg 1056w, https:\/\/archivio.comune.potenza.it\/wp-content\/uploads\/2019\/12\/assassinio-1-1080x1571.jpg 1080w, https:\/\/archivio.comune.potenza.it\/wp-content\/uploads\/2019\/12\/assassinio-1-980x1425.jpg 980w, https:\/\/archivio.comune.potenza.it\/wp-content\/uploads\/2019\/12\/assassinio-1-480x698.jpg 480w, https:\/\/archivio.comune.potenza.it\/wp-content\/uploads\/2019\/12\/assassinio-1.jpg 1100w\" sizes=\"(max-width: 704px) 100vw, 704px\" \/><\/figure>\n\n\n\n<p>11.12.2019 \u2013 ore 13,30: \u201c &#8216;Teatro giovani&#8217; \u00e8 una strada che iniziamo attraverso questa esperienza: una prova artistica di qualit\u00e0, cominciata ben prima di quando  si alzer\u00e0 il sipario. Un\u2019esperienza sensoriale intesa come capacit\u00e0 di esaltare i sensi ma, soprattutto, di mettersi insieme alla ricerca di senso, ed \u00e8 indicativo che a farlo sia un meraviglioso gruppo di giovani della nostra Diocesi e della nostra citt\u00e0\u201d. Queste le parole con le quali don Carmine Lamonea, responsabile regionale della Pastorale giovanile, ha introdotto la conferenza stampa di presentazione di \u2018Assassinio nella Cattedrale\u2019 di T.S. Eliot, in scena sabato 14 dicembre 2019, alle ore 20,30 nel teatro Stabile di Potenza, in piazza Mario Pagano, nell\u2019ambito delle celebrazioni dell\u2019Anno Gerardiano a 900 anni dalla morte del Santo Patrono del capoluogo di regione. \u201cUna piece in un concerto \u2013 ha spiegato la regista Nicoletta Sabatella \u2013 che fa della ricerca di senso il filo conduttore che collega idealmente noi che ancora non siamo a ci\u00f2 per cui siamo stati creati. Una sorta di rito comunitario, una grande liturgia sociale, pensata, voluta e realizzata affinch\u00e9 il messaggio di cui \u00e8 portatrice raggiungesse il cuore nel profondo. Tutte le nostre fragilit\u00e0, messe in comune, possono diventare una grande forza se solo intraprendiamo il cammino verso il fine ultimo di tutte le cose, giungere a sentirci pienamente figli amati. Le tre donne del coro, i due sacerdoti, prima impauriti e poi capaci di abbracciare la passione dell\u2019arcivescovo di Canterbury Thomas Becket che, in ultima analisi, guarda alla <em>Passio Christi, i tre cavalieri che, pur se \u2018violatori di ogni altare\u2019, scoprono la grandezza del perdono\u201d. E\u2019 stato poi il baritono Saverio Sangiacono ad anticipare i contenuti musicali \u201ctratti dal Requiem di Mozart che, in uno scambio simbiotico tra note e parole, lasciano che le une si intessino con le altre, rispettandosi in un equilibrio di grande effetto\u201d. Sia la regista, sia il baritono hanno avuto modo di presentare brevemente gli interpreti che saliranno sul palco nella serata di sabato. Per il vicesindaco di Potenza Antonio Vigilante \u201cil teatro \u00e8 palestra di vita per le giovani generazioni, e consente loro di poter interpretare al meglio il ruolo che il Signore ha affidato a ciascuno. Un atto di evangelizzazione per il quale il patrocinio non era solo dovuto, ma doveroso, perch\u00e9 dove c\u2019\u00e8 teatro c\u2019\u00e8 cultura, c\u2019\u00e8 evoluzione, c\u2019\u00e8 rispetto di Dio, dell\u2019Uomo, del Creato\u201d. Nelle conclusioni affidate all\u2019Arcivescovo della Diocesi  monsignor Salvatore Ligorio, \u00e8 stato evidenziato come \u201cl\u2019iniziativa sia stata accolta con grande favore, perch\u00e9 nell\u2019anno nel quale si ricordano i 9 secoli dalla \u2018Nascita al Cielo\u2019 di San Gerardo La Porta, non potevano mancare i nostri giovani, nei confronti dei quali hanno mostrato grande sensibilit\u00e0 anche il Comune e l\u2019Anspi. Il teatro che \u00e8 formativo per il singolo, \u00e8 prezioso nel relazionarsi con gli altri, dando vita ad amicizie reali e non solo virtuali, attraverso una capacit\u00e0 comunicativa che consente di trasmettere contenuti a una comunit\u00e0 attenta quando si propongono valori alti, e la fede \u00e8 tale. Come diceva Paolo VI, la vera cultura porta alla civilt\u00e0 e la vera civilt\u00e0 \u00e8 quella dell\u2019amore\u201d.<\/em><\/p>\n","protected":false},"excerpt":{"rendered":"<p>11.12.2019 \u2013 ore 13,30: \u201c &#8216;Teatro giovani&#8217; \u00e8 una strada che iniziamo attraverso questa esperienza: una prova artistica di qualit\u00e0, cominciata ben prima di quando &#8230; <\/p>\n","protected":false},"author":3,"featured_media":0,"comment_status":"closed","ping_status":"closed","sticky":false,"template":"single-sidebar.php","format":"standard","meta":{"footnotes":""},"categories":[63],"tags":[],"class_list":["post-37239","post","type-post","status-publish","format-standard","hentry","category-news"],"_links":{"self":[{"href":"https:\/\/archivio.comune.potenza.it\/index.php?rest_route=\/wp\/v2\/posts\/37239"}],"collection":[{"href":"https:\/\/archivio.comune.potenza.it\/index.php?rest_route=\/wp\/v2\/posts"}],"about":[{"href":"https:\/\/archivio.comune.potenza.it\/index.php?rest_route=\/wp\/v2\/types\/post"}],"author":[{"embeddable":true,"href":"https:\/\/archivio.comune.potenza.it\/index.php?rest_route=\/wp\/v2\/users\/3"}],"replies":[{"embeddable":true,"href":"https:\/\/archivio.comune.potenza.it\/index.php?rest_route=%2Fwp%2Fv2%2Fcomments&post=37239"}],"version-history":[{"count":0,"href":"https:\/\/archivio.comune.potenza.it\/index.php?rest_route=\/wp\/v2\/posts\/37239\/revisions"}],"wp:attachment":[{"href":"https:\/\/archivio.comune.potenza.it\/index.php?rest_route=%2Fwp%2Fv2%2Fmedia&parent=37239"}],"wp:term":[{"taxonomy":"category","embeddable":true,"href":"https:\/\/archivio.comune.potenza.it\/index.php?rest_route=%2Fwp%2Fv2%2Fcategories&post=37239"},{"taxonomy":"post_tag","embeddable":true,"href":"https:\/\/archivio.comune.potenza.it\/index.php?rest_route=%2Fwp%2Fv2%2Ftags&post=37239"}],"curies":[{"name":"wp","href":"https:\/\/api.w.org\/{rel}","templated":true}]}}