{"id":37335,"date":"2019-12-19T11:42:42","date_gmt":"2019-12-19T10:42:42","guid":{"rendered":"http:\/\/archivio.comune.potenza.it\/?p=37335"},"modified":"2019-12-19T11:42:43","modified_gmt":"2019-12-19T10:42:43","slug":"lassessore-padula-presenta-il-pomeriggio-di-festa-per-i-bimbi-con-disabilita","status":"publish","type":"post","link":"https:\/\/archivio.comune.potenza.it\/?p=37335","title":{"rendered":"L&#8217;assessore Padula presenta il pomeriggio di festa per i bimbi con disabilit\u00e0"},"content":{"rendered":"\n<figure class=\"wp-block-image size-large\"><img loading=\"lazy\" decoding=\"async\" width=\"960\" height=\"793\" src=\"https:\/\/archivio.comune.potenza.it\/wp-content\/uploads\/2019\/12\/foto-villaggio.jpg\" alt=\"\" class=\"wp-image-37336\" srcset=\"https:\/\/archivio.comune.potenza.it\/wp-content\/uploads\/2019\/12\/foto-villaggio.jpg 960w, https:\/\/archivio.comune.potenza.it\/wp-content\/uploads\/2019\/12\/foto-villaggio-300x248.jpg 300w, https:\/\/archivio.comune.potenza.it\/wp-content\/uploads\/2019\/12\/foto-villaggio-768x634.jpg 768w, https:\/\/archivio.comune.potenza.it\/wp-content\/uploads\/2019\/12\/foto-villaggio-480x397.jpg 480w\" sizes=\"(max-width: 960px) 100vw, 960px\" \/><\/figure>\n\n\n\n<p>19.12.2019 &#8211; ore 11,30: L\u2019assessore all\u2019Infanzia \u2013 Pari opportunit\u00e0 \u2013 Politiche Giovanili, Marika Padula ha organizzato \u201cun pomeriggio dedicato ai bambini con disabilit\u00e0. In una Natale davvero inclusivo, come quello che abbiamo per questo 2019, l\u2019Amministrazione comunale non poteva non far s\u00ec che tutti i nostri concittadini piccoli e grandi, potessero vivere con gioia questi giorni di festa. Mentre si stanno programmando interventi per abbattere le barriere architettoniche, siamo convinti che quelle che creano maggiori difficolt\u00e0 siano quelle culturali, quelle che non consentono di guardare tutti con gli stessi occhi, di  guardarci tra noi in maniera davvero rispettosa e di pensare e agire concretamente per il bene dell\u2019altro. Abbiamo inteso dare all\u2019intera programmazione degli eventi natalizi un imprinting teso all\u2019inclusione, che vede nella diversit\u00e0 di ciascuno un arricchimento e non un motivo di discriminazione o, peggio, di pietismo. Le persone con difficolt\u00e0 non chiedono nulla di pi\u00f9 che poter vivere esattamente come chiunque altro, vedendosi rispettate in quanto persone, titolari di diritti e doveri. I bambini con disabilit\u00e0, che vivono una condizione diversa dagli altri con estrema naturalezza, vogliamo che si divertano come e con tutti gli altri. Abbiamo organizzato per loro una giornata speciale, di divertimento, condivisione, gioco. Dal laboratorio con i mattoncini della Lego con i quali costruire in scale ridotta i monumenti della citt\u00e0, fino all\u2019incontro con Babbo Natale, il pomeriggio e la serata trascorreranno con sorprese e divertimento grazie anche al supporto che forniranno gli scout dell\u2019Agesci gruppo \u2018Potenza 2\u2019 e i volontari dei Falchi della Lucania che saranno a disposizione anche per risolvere i problemi di mobilit\u00e0 che dovessero incontrare quanti parteciperanno alle iniziative in piazza Duca della Verdura. Invitiamo le famiglie dei bimbi e ragazzini con disabilit\u00e0 a partecipare all\u2019iniziativa accompagnando i propri figli <strong>sabato 21 dicembre, dalle ore 15,30alle ore 20<\/strong> (tutte le sere il Villaggio apre alle ore 17, ma in questa occasione straordinaria l\u2019apertura \u00e8 anticipata), nella bellissima e coloratissima piazzetta nel cuore del centro storico cittadino, per trascorrere tutti insieme una fantastica e gioiosa esperienza\u201d conclude la Padula.<\/p>\n","protected":false},"excerpt":{"rendered":"<p>19.12.2019 &#8211; ore 11,30: L\u2019assessore all\u2019Infanzia \u2013 Pari opportunit\u00e0 \u2013 Politiche Giovanili, Marika Padula ha organizzato \u201cun pomeriggio dedicato ai bambini con disabilit\u00e0. In una &#8230; <\/p>\n","protected":false},"author":3,"featured_media":0,"comment_status":"closed","ping_status":"closed","sticky":false,"template":"single-sidebar.php","format":"standard","meta":{"footnotes":""},"categories":[63],"tags":[],"class_list":["post-37335","post","type-post","status-publish","format-standard","hentry","category-news"],"_links":{"self":[{"href":"https:\/\/archivio.comune.potenza.it\/index.php?rest_route=\/wp\/v2\/posts\/37335"}],"collection":[{"href":"https:\/\/archivio.comune.potenza.it\/index.php?rest_route=\/wp\/v2\/posts"}],"about":[{"href":"https:\/\/archivio.comune.potenza.it\/index.php?rest_route=\/wp\/v2\/types\/post"}],"author":[{"embeddable":true,"href":"https:\/\/archivio.comune.potenza.it\/index.php?rest_route=\/wp\/v2\/users\/3"}],"replies":[{"embeddable":true,"href":"https:\/\/archivio.comune.potenza.it\/index.php?rest_route=%2Fwp%2Fv2%2Fcomments&post=37335"}],"version-history":[{"count":0,"href":"https:\/\/archivio.comune.potenza.it\/index.php?rest_route=\/wp\/v2\/posts\/37335\/revisions"}],"wp:attachment":[{"href":"https:\/\/archivio.comune.potenza.it\/index.php?rest_route=%2Fwp%2Fv2%2Fmedia&parent=37335"}],"wp:term":[{"taxonomy":"category","embeddable":true,"href":"https:\/\/archivio.comune.potenza.it\/index.php?rest_route=%2Fwp%2Fv2%2Fcategories&post=37335"},{"taxonomy":"post_tag","embeddable":true,"href":"https:\/\/archivio.comune.potenza.it\/index.php?rest_route=%2Fwp%2Fv2%2Ftags&post=37335"}],"curies":[{"name":"wp","href":"https:\/\/api.w.org\/{rel}","templated":true}]}}