{"id":37566,"date":"2020-01-02T13:37:44","date_gmt":"2020-01-02T12:37:44","guid":{"rendered":"http:\/\/archivio.comune.potenza.it\/?p=37566"},"modified":"2020-01-02T13:52:10","modified_gmt":"2020-01-02T12:52:10","slug":"parata-delle-befane-in-centro-dal-4-gennaio-2020","status":"publish","type":"post","link":"https:\/\/archivio.comune.potenza.it\/?p=37566","title":{"rendered":"\u2018Parata delle Befane\u2019 in centro dal 4 gennaio 2020"},"content":{"rendered":"\n<figure class=\"wp-block-image size-large\"><img loading=\"lazy\" decoding=\"async\" width=\"768\" height=\"1024\" src=\"https:\/\/archivio.comune.potenza.it\/wp-content\/uploads\/2020\/01\/galella-befana-2-768x1024.jpg\" alt=\"\" class=\"wp-image-37568\" srcset=\"https:\/\/archivio.comune.potenza.it\/wp-content\/uploads\/2020\/01\/galella-befana-2-768x1023.jpg 768w, https:\/\/archivio.comune.potenza.it\/wp-content\/uploads\/2020\/01\/galella-befana-2-225x300.jpg 225w, https:\/\/archivio.comune.potenza.it\/wp-content\/uploads\/2020\/01\/galella-befana-2-1153x1536.jpg 1153w, https:\/\/archivio.comune.potenza.it\/wp-content\/uploads\/2020\/01\/galella-befana-2-1080x1439.jpg 1080w, https:\/\/archivio.comune.potenza.it\/wp-content\/uploads\/2020\/01\/galella-befana-2-980x1306.jpg 980w, https:\/\/archivio.comune.potenza.it\/wp-content\/uploads\/2020\/01\/galella-befana-2-480x640.jpg 480w, https:\/\/archivio.comune.potenza.it\/wp-content\/uploads\/2020\/01\/galella-befana-2.jpg 1200w\" sizes=\"(max-width: 768px) 100vw, 768px\" \/><\/figure>\n\n\n\n<p>2.01.2020 &#8211; ore 13,30: \u201cChiuderemo le festivit\u00e0 natalizie con un fine settimana dedicato ai pi\u00f9 piccoli, che vedr\u00e0 un\u2019invasione colorata del centro storico. Invitiamo tutte le famiglie con i figli, adulti e bambini a raggiungere vie, vicoli e piazze del cuore della citt\u00e0 per trascorrere tutti insieme momenti gioiosi\u201d. Questa la proposta che l\u2019assessore al Turismo Alessandro Galella formula a nome di tutta la Giunta ai potentini e a coloro che vorranno trascorrere, in un clima di divertimento, i giorni dell\u2019Epifania 2020. Quest\u2019anno l\u2019Amministrazione comunale ha organizzato la \u2018Parata delle Befane\u2019 a cominciare dalle 18,30 di sabato 4 gennaio. Giochi, spettacoli e iniziative proseguiranno anche domenica 5, e luned\u00ec 6 gennaio. Luned\u00ec previsti inoltre la Motobefana 2020: Ritrovo alle ore 8 in Parco Montereale zona antistante la Piscina Comunale per un giro turistico della Citt\u00e0 (percorso: Parco Montereale, Via Gabet &#8211; C.so Umberto I\u00b0 &#8211; Piazza 18 Agosto \u2013 C.so Garibaldi \u2013 Rione S. Rocco \u2013 Via Cavour \u2013 Villa S. Maria \u2013 Via Ciccotti \u2013 Incrocio Via Potito Petrone \u2013 Ponte Via Di Giura \u2013 Via Di Giura \u2013 Incrocio Tazza d\u2019Oro \u2013 Viale Firenze \u2013 Via Milano \u2013 Via dell\u2019Unicef \u2013 Via Vaccaro \u2013 Piazza 18 Agosto \u2013 C.so Umberto I\u00b0 &#8211; Via Gabet \u2013 Ponte di Montereale \u2013 Parco Montereale) e, in serata, alle ore 19, il Cometa Festival: &#8220;Concerto dell&#8217;Epifania&#8221; &#8211; Concerto a cura di Basilicata Circuito Musicale in collaborazione con Ateneo Musica Basilicata \u2013 Auditorium del Conservatorio G. Da Venosa.  <\/p>\n","protected":false},"excerpt":{"rendered":"<p>2.01.2020 &#8211; ore 13,30: \u201cChiuderemo le festivit\u00e0 natalizie con un fine settimana dedicato ai pi\u00f9 piccoli, che vedr\u00e0 un\u2019invasione colorata del centro storico. Invitiamo tutte &#8230; <\/p>\n","protected":false},"author":3,"featured_media":0,"comment_status":"closed","ping_status":"closed","sticky":false,"template":"single-sidebar.php","format":"standard","meta":{"footnotes":""},"categories":[63],"tags":[],"class_list":["post-37566","post","type-post","status-publish","format-standard","hentry","category-news"],"_links":{"self":[{"href":"https:\/\/archivio.comune.potenza.it\/index.php?rest_route=\/wp\/v2\/posts\/37566"}],"collection":[{"href":"https:\/\/archivio.comune.potenza.it\/index.php?rest_route=\/wp\/v2\/posts"}],"about":[{"href":"https:\/\/archivio.comune.potenza.it\/index.php?rest_route=\/wp\/v2\/types\/post"}],"author":[{"embeddable":true,"href":"https:\/\/archivio.comune.potenza.it\/index.php?rest_route=\/wp\/v2\/users\/3"}],"replies":[{"embeddable":true,"href":"https:\/\/archivio.comune.potenza.it\/index.php?rest_route=%2Fwp%2Fv2%2Fcomments&post=37566"}],"version-history":[{"count":0,"href":"https:\/\/archivio.comune.potenza.it\/index.php?rest_route=\/wp\/v2\/posts\/37566\/revisions"}],"wp:attachment":[{"href":"https:\/\/archivio.comune.potenza.it\/index.php?rest_route=%2Fwp%2Fv2%2Fmedia&parent=37566"}],"wp:term":[{"taxonomy":"category","embeddable":true,"href":"https:\/\/archivio.comune.potenza.it\/index.php?rest_route=%2Fwp%2Fv2%2Fcategories&post=37566"},{"taxonomy":"post_tag","embeddable":true,"href":"https:\/\/archivio.comune.potenza.it\/index.php?rest_route=%2Fwp%2Fv2%2Ftags&post=37566"}],"curies":[{"name":"wp","href":"https:\/\/api.w.org\/{rel}","templated":true}]}}