{"id":37586,"date":"2020-01-03T13:23:14","date_gmt":"2020-01-03T12:23:14","guid":{"rendered":"http:\/\/archivio.comune.potenza.it\/?p=37586"},"modified":"2020-01-03T13:23:15","modified_gmt":"2020-01-03T12:23:15","slug":"in-corsa-verso-il-2021-appuntamento-podistico-in-piazza-mario-pagano","status":"publish","type":"post","link":"https:\/\/archivio.comune.potenza.it\/?p=37586","title":{"rendered":"In corsa verso\u2026 il 2021, appuntamento podistico in piazza Mario Pagano"},"content":{"rendered":"\n<figure class=\"wp-block-image size-large\"><img loading=\"lazy\" decoding=\"async\" width=\"724\" height=\"1024\" src=\"https:\/\/archivio.comune.potenza.it\/wp-content\/uploads\/2020\/01\/Locandina-In-corsa-verso-....-il-2021-Comune-di-Potenza--724x1024.jpg\" alt=\"\" class=\"wp-image-37587\" srcset=\"https:\/\/archivio.comune.potenza.it\/wp-content\/uploads\/2020\/01\/Locandina-In-corsa-verso-....-il-2021-Comune-di-Potenza--724x1024.jpg 724w, https:\/\/archivio.comune.potenza.it\/wp-content\/uploads\/2020\/01\/Locandina-In-corsa-verso-....-il-2021-Comune-di-Potenza--212x300.jpg 212w, https:\/\/archivio.comune.potenza.it\/wp-content\/uploads\/2020\/01\/Locandina-In-corsa-verso-....-il-2021-Comune-di-Potenza--768x1086.jpg 768w, https:\/\/archivio.comune.potenza.it\/wp-content\/uploads\/2020\/01\/Locandina-In-corsa-verso-....-il-2021-Comune-di-Potenza--1086x1536.jpg 1086w, https:\/\/archivio.comune.potenza.it\/wp-content\/uploads\/2020\/01\/Locandina-In-corsa-verso-....-il-2021-Comune-di-Potenza--1448x2048.jpg 1448w, https:\/\/archivio.comune.potenza.it\/wp-content\/uploads\/2020\/01\/Locandina-In-corsa-verso-....-il-2021-Comune-di-Potenza--1080x1527.jpg 1080w, https:\/\/archivio.comune.potenza.it\/wp-content\/uploads\/2020\/01\/Locandina-In-corsa-verso-....-il-2021-Comune-di-Potenza--1280x1810.jpg 1280w, https:\/\/archivio.comune.potenza.it\/wp-content\/uploads\/2020\/01\/Locandina-In-corsa-verso-....-il-2021-Comune-di-Potenza--980x1386.jpg 980w, https:\/\/archivio.comune.potenza.it\/wp-content\/uploads\/2020\/01\/Locandina-In-corsa-verso-....-il-2021-Comune-di-Potenza--480x679.jpg 480w, https:\/\/archivio.comune.potenza.it\/wp-content\/uploads\/2020\/01\/Locandina-In-corsa-verso-....-il-2021-Comune-di-Potenza-.jpg 1754w\" sizes=\"(max-width: 724px) 100vw, 724px\" \/><\/figure>\n\n\n\n<p>3.01.2020 &#8211; ore 13,15: L&#8217;Amministrazione Comunale di Potenza, in collaborazione con la societ\u00e0 EOS di atletica leggera organizza domenica 5 gennaio 2019, con ritrovo alle ore 9 in piazza M. Pagano, una gara podistica su strada di circa 10  km a cui potranno partecipare tutti gli atleti tesserati  con la Federazione Italiana di Atletica Leggera e con gli Enti di Promozione Sportiva. Il circuito della gara, da ripersi cinque volte, si svilupper\u00e0 interamente  nel centro storico della citt\u00e0. \u201cOltre alla gara principale, sullo stesso percorso si terr\u00e0 una passeggiata di circa 4 km, alla quale potranno partecipare tutti i cittadini che avranno voglia di iniziare l\u2019anno all&#8217;insegna dello sport&#8230;..in corsa verso il 2021, anno che vedr\u00e0 Potenza Citt\u00e0 Europea dello Sport\u201d ha spiegato l\u2019assessore allo Sport Patrizia Guma. A ciascuno dei partecipanti, sia della gara sia della passeggiata verr\u00e0 consegnata una t-shirt creata ad hoc per l&#8217;occasione. All&#8217;esito della gara seguir\u00e0 la premiazione che si terr\u00e0 nell\u2019adiacente teatro Stabile.<\/p>\n","protected":false},"excerpt":{"rendered":"<p>3.01.2020 &#8211; ore 13,15: L&#8217;Amministrazione Comunale di Potenza, in collaborazione con la societ\u00e0 EOS di atletica leggera organizza domenica 5 gennaio 2019, con ritrovo alle &#8230; <\/p>\n","protected":false},"author":3,"featured_media":0,"comment_status":"closed","ping_status":"closed","sticky":false,"template":"single-sidebar.php","format":"standard","meta":{"footnotes":""},"categories":[63],"tags":[],"class_list":["post-37586","post","type-post","status-publish","format-standard","hentry","category-news"],"_links":{"self":[{"href":"https:\/\/archivio.comune.potenza.it\/index.php?rest_route=\/wp\/v2\/posts\/37586"}],"collection":[{"href":"https:\/\/archivio.comune.potenza.it\/index.php?rest_route=\/wp\/v2\/posts"}],"about":[{"href":"https:\/\/archivio.comune.potenza.it\/index.php?rest_route=\/wp\/v2\/types\/post"}],"author":[{"embeddable":true,"href":"https:\/\/archivio.comune.potenza.it\/index.php?rest_route=\/wp\/v2\/users\/3"}],"replies":[{"embeddable":true,"href":"https:\/\/archivio.comune.potenza.it\/index.php?rest_route=%2Fwp%2Fv2%2Fcomments&post=37586"}],"version-history":[{"count":0,"href":"https:\/\/archivio.comune.potenza.it\/index.php?rest_route=\/wp\/v2\/posts\/37586\/revisions"}],"wp:attachment":[{"href":"https:\/\/archivio.comune.potenza.it\/index.php?rest_route=%2Fwp%2Fv2%2Fmedia&parent=37586"}],"wp:term":[{"taxonomy":"category","embeddable":true,"href":"https:\/\/archivio.comune.potenza.it\/index.php?rest_route=%2Fwp%2Fv2%2Fcategories&post=37586"},{"taxonomy":"post_tag","embeddable":true,"href":"https:\/\/archivio.comune.potenza.it\/index.php?rest_route=%2Fwp%2Fv2%2Ftags&post=37586"}],"curies":[{"name":"wp","href":"https:\/\/api.w.org\/{rel}","templated":true}]}}